{"id":6310,"date":"2019-10-28T18:01:01","date_gmt":"2019-10-28T22:01:01","guid":{"rendered":"https:\/\/ciudadliberal.cl\/?p=6310"},"modified":"2019-10-28T18:01:01","modified_gmt":"2019-10-28T22:01:01","slug":"amnistia-internacional-no-pensabamos-que-un-contexto-asi-se-iba-a-dar-en-chile","status":"publish","type":"post","link":"https:\/\/ciudadliberal.cl\/?p=6310","title":{"rendered":"Amnist\u00eda Internacional: No pens\u00e1bamos que un contexto as\u00ed se iba a dar en Chile"},"content":{"rendered":"<p>Los investigadores de la entidad tuvieron un primer encuentro con el Instituto Nacional de Derechos Humanos.<\/p>\n<p>Calificaron como \u00abgrave\u00bb la actuaci\u00f3n del Estado ante la crisis social.<\/p>\n<p>El equipo de crisis de Amnist\u00eda Internacional calific\u00f3 como \u00abgrave\u00bb la situaci\u00f3n que ha ocurrido en el pa\u00eds durante la \u00faltima semana, desde el inicio de la crisis, y asegur\u00f3 que como organismo no pensaron que hechos de estas caracter\u00edsticas iban a ocurrir en Chile.<\/p>\n<p>Tras una reuni\u00f3n realizada este lunes con representantes del Instituto Nacional de Derechos Humanos (INDH), la investigadora Pilar Sanmart\u00edn dijo que \u00abpensamos que la situaci\u00f3n actual es grave y es por eso que el equipo de crisis de Amnist\u00eda Internacional ha sido enviado\u00bb.<\/p>\n<p>\u00abPiensen que este equipo realmente reacciona en instancias excepcionales y sumamente graves, por ejemplo en los \u00faltimos a\u00f1os hemos atendido la crisis de Nicaragua, Venezuela, contextos de desaparici\u00f3n forzada en M\u00e9xico, represi\u00f3n en Honduras\u00bb, record\u00f3.<\/p>\n<p>La investigadora sostuvo que \u00abno pens\u00e1bamos que un contexto as\u00ed se iba a dar en Chile y lamentablemente se ha dado. Nos parece grave y estamos aqu\u00ed precisamente para investigarlo, pero por ahora los indicios que tenemos es que lo que ha sucedido y la actuaci\u00f3n del Estado es sumamente grave\u00bb.<\/p>\n<blockquote class=\"twitter-tweet\">\n<p dir=\"ltr\" lang=\"es\">????IMPORTANTE: Nuestra misi\u00f3n de investigaci\u00f3n ya est\u00e1 en Chile para investigar los casos de violaciones a los derechos humanos ocurridos en el contexto de las protestas. En este momentos estamos en reuni\u00f3n con el equipo del <a href=\"https:\/\/twitter.com\/inddhh?ref_src=twsrc%5Etfw\">@inddhh<\/a>, a quienes agradecemos el trabajo hecho. <a href=\"https:\/\/t.co\/Psw1YKIgJt\">pic.twitter.com\/Psw1YKIgJt<\/a><\/p>\n<p>\u2014 Amnist\u00eda Chile (@amnistiachile) <a href=\"https:\/\/twitter.com\/amnistiachile\/status\/1188843997130833921?ref_src=twsrc%5Etfw\">October 28, 2019<\/a><\/p><\/blockquote>\n<p><script async src=\"https:\/\/platform.twitter.com\/widgets.js\" charset=\"utf-8\"><\/script><\/p>\n<p>El director jur\u00eddico del INDH, Rodrigo Bustos, destac\u00f3 que \u00abel Instituto Nacional de Derechos Humanos ha acudido a hospitales, a comisar\u00edas, a manifestaciones y en t\u00e9rminos muy generales nosotros hemos se\u00f1alado que se nos han dado las facilidades para poder realizar nuestro trabajo\u00bb.<\/p>\n<p>\u00abHan habido dificultades puntuales en algunas comisar\u00edas, en dos hospitales, uno de esos casos es de p\u00fablico conocimiento y requiri\u00f3 que un juez se apersonara en la ex Posta Central, pero efectivamente en t\u00e9rminos generales nosotros hemos podido realizar nuestro trabajo de observaci\u00f3n directa, donde entendemos que se est\u00e1n produciendo violaciones de derechos humanos\u00bb, sostuvo.<\/p>\n<p>Fuente: <a href=\"https:\/\/www.cooperativa.cl\/noticias\/pais\/manifestaciones\/amnistia-internacional-no-pensabamos-que-un-contexto-asi-se-iba-a-dar\/2019-10-28\/174000.html\">Cooperativa<\/a><\/p>\n","protected":false},"excerpt":{"rendered":"<p>Los investigadores de la entidad tuvieron un primer encuentro con el Instituto Nacional de Derechos Humanos. Calificaron como \u00abgrave\u00bb la actuaci\u00f3n del Estado ante la crisis social. El equipo de crisis de Amnist\u00eda Internacional calific\u00f3 como \u00abgrave\u00bb la situaci\u00f3n que ha ocurrido en el pa\u00eds durante la \u00faltima semana, desde el inicio de la crisis, [&hellip;]<\/p>\n","protected":false},"author":1,"featured_media":6311,"comment_status":"closed","ping_status":"closed","sticky":false,"template":"","format":"standard","meta":{"footnotes":""},"categories":[184,14,16,2],"tags":[],"class_list":["post-6310","post","type-post","status-publish","format-standard","has-post-thumbnail","hentry","category-derechos-humanos","category-entertainment","category-internet","category-portada"],"_links":{"self":[{"href":"https:\/\/ciudadliberal.cl\/index.php?rest_route=\/wp\/v2\/posts\/6310","targetHints":{"allow":["GET"]}}],"collection":[{"href":"https:\/\/ciudadliberal.cl\/index.php?rest_route=\/wp\/v2\/posts"}],"about":[{"href":"https:\/\/ciudadliberal.cl\/index.php?rest_route=\/wp\/v2\/types\/post"}],"author":[{"embeddable":true,"href":"https:\/\/ciudadliberal.cl\/index.php?rest_route=\/wp\/v2\/users\/1"}],"replies":[{"embeddable":true,"href":"https:\/\/ciudadliberal.cl\/index.php?rest_route=%2Fwp%2Fv2%2Fcomments&post=6310"}],"version-history":[{"count":1,"href":"https:\/\/ciudadliberal.cl\/index.php?rest_route=\/wp\/v2\/posts\/6310\/revisions"}],"predecessor-version":[{"id":6312,"href":"https:\/\/ciudadliberal.cl\/index.php?rest_route=\/wp\/v2\/posts\/6310\/revisions\/6312"}],"wp:featuredmedia":[{"embeddable":true,"href":"https:\/\/ciudadliberal.cl\/index.php?rest_route=\/wp\/v2\/media\/6311"}],"wp:attachment":[{"href":"https:\/\/ciudadliberal.cl\/index.php?rest_route=%2Fwp%2Fv2%2Fmedia&parent=6310"}],"wp:term":[{"taxonomy":"category","embeddable":true,"href":"https:\/\/ciudadliberal.cl\/index.php?rest_route=%2Fwp%2Fv2%2Fcategories&post=6310"},{"taxonomy":"post_tag","embeddable":true,"href":"https:\/\/ciudadliberal.cl\/index.php?rest_route=%2Fwp%2Fv2%2Ftags&post=6310"}],"curies":[{"name":"wp","href":"https:\/\/api.w.org\/{rel}","templated":true}]}}