{"id":6307,"date":"2019-10-28T17:53:42","date_gmt":"2019-10-28T21:53:42","guid":{"rendered":"https:\/\/ciudadliberal.cl\/?p=6307"},"modified":"2019-10-28T17:53:42","modified_gmt":"2019-10-28T21:53:42","slug":"pinera-convoca-para-manana-consejo-de-gabinete-con-nuevo-equipo-politico-y-economico","status":"publish","type":"post","link":"https:\/\/ciudadliberal.cl\/?p=6307","title":{"rendered":"Pi\u00f1era convoca para ma\u00f1ana consejo de gabinete con nuevo equipo pol\u00edtico y econ\u00f3mico"},"content":{"rendered":"<p>El encuentro se realizar\u00e1 a las 14.00 en La Moneda, instancia en la que el Mandatario delinear\u00e1 los nuevos ejes del gobierno para enfrentar la crisis que desat\u00f3 el alza de la tarifa del Metro.<\/p>\n<p>Esta tarde, los ministros recibieron un mensaje desde Presidencia. \u00bfLa raz\u00f3n? Convocarlos para ma\u00f1ana, a las 14.00, a un consejo de gabinete tras el ajuste ministerial que realiz\u00f3 hoy el Presidente Sebasti\u00e1n Pi\u00f1era.<\/p>\n<p>El encuentro se desarrollar\u00e1 en La Moneda y ser\u00e1 el primero del Presidente con el nuevo equipo pol\u00edtico y econ\u00f3mico. La cita tiene el objetivo de delinear los nuevos ejes que tendr\u00e1 el gobierno para enfrentar la crisis que gener\u00f3 el alza de la tarifa del Metro.<\/p>\n<p>Esto, debido a que el descontento ciudadano ha generado m\u00faltiples movilizaciones y llev\u00f3 a Pi\u00f1era a decretar Estado de Emergencia por nueve d\u00edas, a modificar su agenda legislativa y, por \u00faltimo, a modificar a una parte estructural de su gabinete: Hacienda, Interior y Segegob, removiendo a dos de sus m\u00e1s cercanos colaboradores (Andr\u00e9s Chadwick y Felipe Larra\u00edn); reubicando a Cecilia P\u00e9rez en el ministerio del Deporte y nombrando a Gonzalo Blumel como jefe de gabinete.<\/p>\n<p>El n\u00facleo econ\u00f3mico de la administraci\u00f3n Pi\u00f1era tambi\u00e9n sufri\u00f3 grandes cambios. Al de Hacienda, se sum\u00f3 la salida de los titulares de Trabajo y Econom\u00eda, Nicol\u00e1s Monckeberg y Juan Andr\u00e9s Fontaine, respectivamente. En el primer ministerio asumi\u00f3 la subsecretaria de la cartera, Mar\u00eda Jos\u00e9 Zald\u00edvar, mientras que en el segundo el elegido fue el hasta hoy subsecretario de Obras P\u00fablicas, Lucas Palacios.<\/p>\n<p>El cambio tambi\u00e9n signific\u00f3 la llegada de dos militantes de Ev\u00f3poli a los cargos m\u00e1s importantes del gobierno, como son Interior (Blumel) y Hacienda (Ignacio Briones).<\/p>\n<p>La reuni\u00f3n de Pi\u00f1era con su gabinete se dar\u00e1, adem\u00e1s, en una jornada donde est\u00e1 convocada una gran movilizaci\u00f3n que pretende llegar durante la tarde del martes al Palacio de La Moneda.<\/p>\n<p>Fuente: <a href=\"https:\/\/www.latercera.com\/politica\/noticia\/pinera-convoca-manana-consejo-gabinete-nuevo-equipo-politico-economico\/881800\/\">La Tercera<\/a><\/p>\n","protected":false},"excerpt":{"rendered":"<p>El encuentro se realizar\u00e1 a las 14.00 en La Moneda, instancia en la que el Mandatario delinear\u00e1 los nuevos ejes del gobierno para enfrentar la crisis que desat\u00f3 el alza de la tarifa del Metro. Esta tarde, los ministros recibieron un mensaje desde Presidencia. \u00bfLa raz\u00f3n? Convocarlos para ma\u00f1ana, a las 14.00, a un consejo [&hellip;]<\/p>\n","protected":false},"author":1,"featured_media":6308,"comment_status":"closed","ping_status":"closed","sticky":false,"template":"","format":"standard","meta":{"footnotes":""},"categories":[16,2],"tags":[],"class_list":["post-6307","post","type-post","status-publish","format-standard","has-post-thumbnail","hentry","category-internet","category-portada"],"_links":{"self":[{"href":"https:\/\/ciudadliberal.cl\/index.php?rest_route=\/wp\/v2\/posts\/6307","targetHints":{"allow":["GET"]}}],"collection":[{"href":"https:\/\/ciudadliberal.cl\/index.php?rest_route=\/wp\/v2\/posts"}],"about":[{"href":"https:\/\/ciudadliberal.cl\/index.php?rest_route=\/wp\/v2\/types\/post"}],"author":[{"embeddable":true,"href":"https:\/\/ciudadliberal.cl\/index.php?rest_route=\/wp\/v2\/users\/1"}],"replies":[{"embeddable":true,"href":"https:\/\/ciudadliberal.cl\/index.php?rest_route=%2Fwp%2Fv2%2Fcomments&post=6307"}],"version-history":[{"count":1,"href":"https:\/\/ciudadliberal.cl\/index.php?rest_route=\/wp\/v2\/posts\/6307\/revisions"}],"predecessor-version":[{"id":6309,"href":"https:\/\/ciudadliberal.cl\/index.php?rest_route=\/wp\/v2\/posts\/6307\/revisions\/6309"}],"wp:featuredmedia":[{"embeddable":true,"href":"https:\/\/ciudadliberal.cl\/index.php?rest_route=\/wp\/v2\/media\/6308"}],"wp:attachment":[{"href":"https:\/\/ciudadliberal.cl\/index.php?rest_route=%2Fwp%2Fv2%2Fmedia&parent=6307"}],"wp:term":[{"taxonomy":"category","embeddable":true,"href":"https:\/\/ciudadliberal.cl\/index.php?rest_route=%2Fwp%2Fv2%2Fcategories&post=6307"},{"taxonomy":"post_tag","embeddable":true,"href":"https:\/\/ciudadliberal.cl\/index.php?rest_route=%2Fwp%2Fv2%2Ftags&post=6307"}],"curies":[{"name":"wp","href":"https:\/\/api.w.org\/{rel}","templated":true}]}}