{"id":6272,"date":"2019-10-20T22:23:59","date_gmt":"2019-10-21T02:23:59","guid":{"rendered":"https:\/\/ciudadliberal.cl\/?p=6272"},"modified":"2019-10-20T22:23:59","modified_gmt":"2019-10-21T02:23:59","slug":"camara-aprueba-proyecto-que-congela-las-tarifas-del-metro","status":"publish","type":"post","link":"https:\/\/ciudadliberal.cl\/?p=6272","title":{"rendered":"C\u00e1mara aprueba proyecto que congela las tarifas del Metro"},"content":{"rendered":"<p>Con esto, la moci\u00f3n pasa a segundo tr\u00e1mite legislativo en el Senado.<\/p>\n<p>Esta jornada, la c\u00e1mara de Diputados aprob\u00f3 por 103 votos, y uno en contra, el proyecto que envi\u00f3 el gobierno que congela las tarifas del Metro de Santiago.<\/p>\n<p>En rigor, la iniciativa faculta al Presidente de la Rep\u00fablica para dejar sin efecto las mentadas alzas.<\/p>\n<p>Con esto, la moci\u00f3n pasa a su votaci\u00f3n en el Senado, el cual se reunir\u00e1 este lunes a las 16.00 horas.<\/p>\n<p><strong>Sin votos del PC<\/strong><\/p>\n<p>En la ocasi\u00f3n, la bancada de diputados del Partido Comunista no vot\u00f3 el proyecto. \u201cMientras existan militares en la calle, nosotros no votaremos ning\u00fan proyecto del gobierno\u201d, explic\u00f3 la parlamentaria Carmen Hertz. \u201cEs un proyecto absolutamente trucho y no resuelve el problema de ra\u00edz\u2026hay que cambiar toda la institucionalidad que legitima la desigualdad\u201d, agreg\u00f3.<\/p>\n<p>Por su parte, la bancada del Frente Amplio (FA), debido a las mismas razones del PC se retir\u00f3 de la sala, sin embargo, al rato volvieron y votaron a favor. \u201cNosotros pedimos este proyecto el viernes..el gobierno est\u00e1 superado por una situaci\u00f3n absolutamente profunda, y esperamos que el gobierno escuche con humildad, y necesitamos votar con urgencia un alza de la pensi\u00f3n b\u00e1sica solidaria y las 40 horas laborales\u201d, se\u00f1al\u00f3 el diputado Pablo Vidal.<\/p>\n<p>Por el lado de Chile Vamos, el diputado Javier Macaya, jefe de bancada de la UDI, indic\u00f3: \u201cyo lamento que hoy hayan personas que hayan querido que la sesi\u00f3n fracasara..tenemos una responsabilidad muy grande, Chile espera acuerdos\u201d.<\/p>\n<p>Fuente: <a href=\"https:\/\/www.latercera.com\/politica\/noticia\/camara-aprueba-proyecto-congela-las-tarifas-del-metro\/870468\/\">La Tercera<\/a><\/p>\n","protected":false},"excerpt":{"rendered":"<p>Con esto, la moci\u00f3n pasa a segundo tr\u00e1mite legislativo en el Senado. Esta jornada, la c\u00e1mara de Diputados aprob\u00f3 por 103 votos, y uno en contra, el proyecto que envi\u00f3 el gobierno que congela las tarifas del Metro de Santiago. En rigor, la iniciativa faculta al Presidente de la Rep\u00fablica para dejar sin efecto las [&hellip;]<\/p>\n","protected":false},"author":1,"featured_media":6273,"comment_status":"closed","ping_status":"closed","sticky":false,"template":"","format":"standard","meta":{"footnotes":""},"categories":[16,2],"tags":[],"class_list":["post-6272","post","type-post","status-publish","format-standard","has-post-thumbnail","hentry","category-internet","category-portada"],"_links":{"self":[{"href":"https:\/\/ciudadliberal.cl\/index.php?rest_route=\/wp\/v2\/posts\/6272","targetHints":{"allow":["GET"]}}],"collection":[{"href":"https:\/\/ciudadliberal.cl\/index.php?rest_route=\/wp\/v2\/posts"}],"about":[{"href":"https:\/\/ciudadliberal.cl\/index.php?rest_route=\/wp\/v2\/types\/post"}],"author":[{"embeddable":true,"href":"https:\/\/ciudadliberal.cl\/index.php?rest_route=\/wp\/v2\/users\/1"}],"replies":[{"embeddable":true,"href":"https:\/\/ciudadliberal.cl\/index.php?rest_route=%2Fwp%2Fv2%2Fcomments&post=6272"}],"version-history":[{"count":1,"href":"https:\/\/ciudadliberal.cl\/index.php?rest_route=\/wp\/v2\/posts\/6272\/revisions"}],"predecessor-version":[{"id":6274,"href":"https:\/\/ciudadliberal.cl\/index.php?rest_route=\/wp\/v2\/posts\/6272\/revisions\/6274"}],"wp:featuredmedia":[{"embeddable":true,"href":"https:\/\/ciudadliberal.cl\/index.php?rest_route=\/wp\/v2\/media\/6273"}],"wp:attachment":[{"href":"https:\/\/ciudadliberal.cl\/index.php?rest_route=%2Fwp%2Fv2%2Fmedia&parent=6272"}],"wp:term":[{"taxonomy":"category","embeddable":true,"href":"https:\/\/ciudadliberal.cl\/index.php?rest_route=%2Fwp%2Fv2%2Fcategories&post=6272"},{"taxonomy":"post_tag","embeddable":true,"href":"https:\/\/ciudadliberal.cl\/index.php?rest_route=%2Fwp%2Fv2%2Ftags&post=6272"}],"curies":[{"name":"wp","href":"https:\/\/api.w.org\/{rel}","templated":true}]}}