{"id":6175,"date":"2019-10-06T12:19:55","date_gmt":"2019-10-06T16:19:55","guid":{"rendered":"https:\/\/ciudadliberal.cl\/?p=6175"},"modified":"2019-10-06T12:22:09","modified_gmt":"2019-10-06T16:22:09","slug":"presidente-de-la-eurocamara-analizara-el-brexit-durante-gira-regional","status":"publish","type":"post","link":"https:\/\/ciudadliberal.cl\/?p=6175","title":{"rendered":"Presidente de la Euroc\u00e1mara analizar\u00e1 el Brexit durante gira regional"},"content":{"rendered":"<p>El presidente de la Euroc\u00e1mara, David Sassoli, realizar\u00e1 la semana pr\u00f3xima una gira regional, durante la cual analizar\u00e1 temas como la separaci\u00f3n del Reino Unido de la Uni\u00f3n Europea (UE) y los desaf\u00edos del bloque, informaron hoy fuentes comunitarias.<\/p>\n<p>Seg\u00fan un comunicado del Parlamento Europeo, Sassoli, quien ocup\u00f3 el cargo en julio de este a\u00f1o, iniciar\u00e1 el periplo el d\u00eda 7 y se reunir\u00e1 con el presidente franc\u00e9s, Emmanuel Macron; el primer ministro brit\u00e1nico, Boris Johnson, y la canciller federal alemana, Angela Merkel.<\/p>\n<p>Adem\u00e1s del Brexit, los encuentros se centrar\u00e1n en las negociaciones para la aprobaci\u00f3n del presupuesto plurianual de la UE y el papel de la alianza en el contexto internacional.<\/p>\n<p>Despu\u00e9s de ser recibido el lunes en el Palacio del El\u00edseo por Macron, Sassoli viajar\u00e1 el martes a Berl\u00edn, donde dialogar\u00e1 con Merkel y con el presidente del Parlamento alem\u00e1n (Bundestag), Wolfang Schaubel.<\/p>\n<p>Ese mismo d\u00eda se trasladar\u00e1 a Londres, donde finalizar\u00e1 su gira con un encuentro con Johnson, marcado por el complejo escenario del Brexit y las diferencias entre ambas partes en torno a los t\u00e9rminos para la salida.<\/p>\n<p>El Reino Unido debi\u00f3 abandonar la UE el 31 de marzo pasado, despu\u00e9s que el 52 por ciento de los brit\u00e1nicos vot\u00f3 a favor del Brexit en 2016, pero la negativa del Parlamento brit\u00e1nico a respaldar el pacto firmado por la entonces primera ministra, Theresa May, oblig\u00f3 a posponer la separaci\u00f3n, primero para abril y luego para el 31 de octubre.<\/p>\n<p>Tras amenazar con un Brexit sin acuerdo y suspender a la C\u00e1mara de los Comunes, Johnson propone ahora un convenio que mantenga a Irlanda del Norte dentro del mercado com\u00fan europeo, pero fuera de la uni\u00f3n aduanera una vez concretado<\/p>\n<p>Fuente: <a href=\"https:\/\/www.prensa-latina.cu\/index.php?o=rn&amp;id=310387&amp;SEO=presidente-de-la-eurocamara-analizara-el-brexit-durante-gira-regional\">Prensa Latina<\/a><\/p>\n","protected":false},"excerpt":{"rendered":"<p>El presidente de la Euroc\u00e1mara, David Sassoli, realizar\u00e1 la semana pr\u00f3xima una gira regional, durante la cual analizar\u00e1 temas como la separaci\u00f3n del Reino Unido de la Uni\u00f3n Europea (UE) y los desaf\u00edos del bloque, informaron hoy fuentes comunitarias. Seg\u00fan un comunicado del Parlamento Europeo, Sassoli, quien ocup\u00f3 el cargo en julio de este a\u00f1o, [&hellip;]<\/p>\n","protected":false},"author":1,"featured_media":6176,"comment_status":"closed","ping_status":"closed","sticky":false,"template":"","format":"standard","meta":{"footnotes":""},"categories":[14,2],"tags":[],"class_list":["post-6175","post","type-post","status-publish","format-standard","has-post-thumbnail","hentry","category-entertainment","category-portada"],"_links":{"self":[{"href":"https:\/\/ciudadliberal.cl\/index.php?rest_route=\/wp\/v2\/posts\/6175","targetHints":{"allow":["GET"]}}],"collection":[{"href":"https:\/\/ciudadliberal.cl\/index.php?rest_route=\/wp\/v2\/posts"}],"about":[{"href":"https:\/\/ciudadliberal.cl\/index.php?rest_route=\/wp\/v2\/types\/post"}],"author":[{"embeddable":true,"href":"https:\/\/ciudadliberal.cl\/index.php?rest_route=\/wp\/v2\/users\/1"}],"replies":[{"embeddable":true,"href":"https:\/\/ciudadliberal.cl\/index.php?rest_route=%2Fwp%2Fv2%2Fcomments&post=6175"}],"version-history":[{"count":2,"href":"https:\/\/ciudadliberal.cl\/index.php?rest_route=\/wp\/v2\/posts\/6175\/revisions"}],"predecessor-version":[{"id":6178,"href":"https:\/\/ciudadliberal.cl\/index.php?rest_route=\/wp\/v2\/posts\/6175\/revisions\/6178"}],"wp:featuredmedia":[{"embeddable":true,"href":"https:\/\/ciudadliberal.cl\/index.php?rest_route=\/wp\/v2\/media\/6176"}],"wp:attachment":[{"href":"https:\/\/ciudadliberal.cl\/index.php?rest_route=%2Fwp%2Fv2%2Fmedia&parent=6175"}],"wp:term":[{"taxonomy":"category","embeddable":true,"href":"https:\/\/ciudadliberal.cl\/index.php?rest_route=%2Fwp%2Fv2%2Fcategories&post=6175"},{"taxonomy":"post_tag","embeddable":true,"href":"https:\/\/ciudadliberal.cl\/index.php?rest_route=%2Fwp%2Fv2%2Ftags&post=6175"}],"curies":[{"name":"wp","href":"https:\/\/api.w.org\/{rel}","templated":true}]}}