{"id":6168,"date":"2019-10-05T11:40:15","date_gmt":"2019-10-05T15:40:15","guid":{"rendered":"https:\/\/ciudadliberal.cl\/?p=6168"},"modified":"2019-10-05T11:41:43","modified_gmt":"2019-10-05T15:41:43","slug":"alvaro-vargas-llosa-los-liberales-deben-unirse-para-evitar-que-vuelva-el-peronismo","status":"publish","type":"post","link":"https:\/\/ciudadliberal.cl\/?p=6168","title":{"rendered":"\u00c1lvaro Vargas Llosa: \u00abLos liberales deben unirse para evitar que vuelva el peronismo\u00bb"},"content":{"rendered":"<p>El escritor peruano habl\u00f3 en la inauguraci\u00f3n del congreso de la Red Liberal de Am\u00e9rica Latina (RELIAL) que se celebra en Buenos Aires.<\/p>\n<p>El escritor peruano \u00c1lvaro Vargas Llosa advirti\u00f3 el pasado jueves, que frente a las pr\u00f3ximas elecciones generales en el pa\u00eds, \u00ablos liberales deben unirse\u00bb para evitar el regreso del peronismo al poder m\u00e1s all\u00e1 de las cr\u00edticas o la \u00abdecepci\u00f3n\u00bb por las reformas que el gobierno de Mauricio Macri no llev\u00f3 a cabo.<\/p>\n<p>El hijo primog\u00e9nito de Mario, el Premio Nobel de Literatura, habl\u00f3 en la inauguraci\u00f3n del congreso de la Red Liberal de Am\u00e9rica Latina (RELIAL), que se desarrollar\u00e1 ma\u00f1ana en Buenos Aires en su 15\u00ba aniversario con delegaciones de 17 pa\u00edses y el auspicio de la fundaci\u00f3n Friedrich Naumann.<\/p>\n<p>\u00abNo unirse ser\u00eda un error hist\u00f3rico y una irresponsabilidad\u00bb, se\u00f1al\u00f3 el polit\u00f3logo durante su disertaci\u00f3n, que era seguida por el candidato presidencial ultraliberal Jos\u00e9 Luis Espert, un duro cr\u00edtico de Macri.<\/p>\n<p>En un breve contacto previo con Gaceta Mercantil, Vargas Llosa rechaz\u00f3 que la democracia liberal est\u00e9 \u00abherida de muerte\u00bb. \u00abEst\u00e1 sitiada, pero no, herida de muerte no\u00bb.<\/p>\n<p>En varios pa\u00edses, inclusive en Estados Unidos y en Europa, la crisis financiera de 2008 \u00abreavivi\u00f3 el populismo de los a\u00f1os treinta, incluso un populismo de izquierda\u00bb.<\/p>\n<p>Sin embargo, la democracia liberal \u00absobrevivi\u00f3 a dos guerras mundiales, sobrevivi\u00f3 a la depresi\u00f3n, sobrevivi\u00f3 a dos bombas at\u00f3micas, sobrevivi\u00f3 a la Uni\u00f3n Sovi\u00e9tica, por supuesto que va a sobrevivir\u00bb, estim\u00f3.<\/p>\n<p>De cualquier modo, admiti\u00f3 que el liberalismo enfrenta una batalla \u00abmuy complicada, una batalla que hay que dar, en los pa\u00edses m\u00e1s desarrollados al mismo tiempo que en los nuestros\u00bb.<\/p>\n<p>La discusi\u00f3n \u00abhay que darla sin complejos\u00bb, se\u00f1al\u00f3, aunque \u00absabiendo que sin ser poseedores de la verdad absoluta, y sin haber encontrado un modelo de sociedad perfecto, porque eso no existe, la superioridad de este modelo, el de la democracia liberal, es tan apabullante que, en \u00faltima instancia, esa batalla se ganar\u00e1\u00bb.<\/p>\n<p>Confrontado con el hecho de que la democracia no ha servido para resolver los problemas econ\u00f3micos de vastos sectores, lo que generar\u00eda frustraci\u00f3n y la b\u00fasqueda de soluciones populistas, Vargas Llosa respondi\u00f3 con el ejemplo de Estados Unidos en la era Trump.<\/p>\n<p>\u00abEn el medio oeste, donde los abuelos y los padres trabajaban en el sector industrial, y la globalizaci\u00f3n cambi\u00f3 eso que era un estilo de vida, no solo un trabajo, a las nuevas generaciones les toca entrenarse en otra cosa porque lo que produc\u00edan se hace ahora en China, en India, etc, entonces, aunque me demuestren a m\u00ed que el desempleo es del 4 por ciento, que hay pleno empleo, aunque la econom\u00eda est\u00e9 creciendo, a m\u00ed no me vas a quitar de la cabeza que se desplom\u00f3 el mundo al que yo pertenec\u00eda\u00bb, afirm\u00f3.<\/p>\n<p>El miedo o la indignaci\u00f3n, apunt\u00f3, \u00abno se va a disipar porque me digan que estos cambios se han producido a lo largo de la vida del capitalismo. \u00bfY entonces qu\u00e9 pasa? Que se termina prestando o\u00eddos a un discurso del odio o, cuanto menos, de la envidia o la indignaci\u00f3n\u00bb.<\/p>\n<p>Esto, se\u00f1al\u00f3, \u00abes lo que ha dado pie\u00bb a la exnofobia, \u00abal rechazo a los forasteros\u00bb, que son unos \u00abinstintos tribales\u00bb que pesan m\u00e1s que un discurso l\u00f3gico.<\/p>\n<p>\u00abTodo esto, la debacle de 2008, etc, han hecho surgir opciones pol\u00edticas que agreden a la democracia liberal. \u00abEn varios pa\u00edses, los populismos toman formas democr\u00e1ticas y yo digo, el populismo no es dictadura, hay un paso previo porque el populismo nace siempre en democracia, luego desmantela las instituciones republicanas\u00bb.<\/p>\n<p>Por eso \u00abhay que tener estructuras institucionales muy s\u00f3lidas\u00bb, consider\u00f3. Estados Unidos es un ejemplo de esto porque \u00abse est\u00e1 defendiendo del populismo del se\u00f1or Trump\u00bb y en un pa\u00eds \u00abmenos s\u00f3lido institucionalmente, Trump podr\u00eda haber ido infinitamente m\u00e1s lejos de lo que ha ido\u00bb.<\/p>\n<p>Es cierto que no son muchos los pa\u00edses \u00abdonde esto ocurre, y los nuestros no lo son, en los nuestros el populismo desborda el marco institucional como se ha visto aqu\u00ed en Argentina, ni hablar en Venezuela, y en Per\u00fa tambi\u00e9n\u00bb.<\/p>\n<p>&nbsp;<\/p>\n<p>Fuente: <a href=\"https:\/\/www.gacetamercantil.com\/notas\/157956\/lvaro-vargas-llosa-los-liberales-deben-unirse-para-evitar.html\">Gaceta M<\/a><\/p>\n","protected":false},"excerpt":{"rendered":"<p>El escritor peruano habl\u00f3 en la inauguraci\u00f3n del congreso de la Red Liberal de Am\u00e9rica Latina (RELIAL) que se celebra en Buenos Aires. El escritor peruano \u00c1lvaro Vargas Llosa advirti\u00f3 el pasado jueves, que frente a las pr\u00f3ximas elecciones generales en el pa\u00eds, \u00ablos liberales deben unirse\u00bb para evitar el regreso del peronismo al poder [&hellip;]<\/p>\n","protected":false},"author":1,"featured_media":6169,"comment_status":"closed","ping_status":"closed","sticky":false,"template":"","format":"standard","meta":{"footnotes":""},"categories":[14,2],"tags":[],"class_list":["post-6168","post","type-post","status-publish","format-standard","has-post-thumbnail","hentry","category-entertainment","category-portada"],"_links":{"self":[{"href":"https:\/\/ciudadliberal.cl\/index.php?rest_route=\/wp\/v2\/posts\/6168","targetHints":{"allow":["GET"]}}],"collection":[{"href":"https:\/\/ciudadliberal.cl\/index.php?rest_route=\/wp\/v2\/posts"}],"about":[{"href":"https:\/\/ciudadliberal.cl\/index.php?rest_route=\/wp\/v2\/types\/post"}],"author":[{"embeddable":true,"href":"https:\/\/ciudadliberal.cl\/index.php?rest_route=\/wp\/v2\/users\/1"}],"replies":[{"embeddable":true,"href":"https:\/\/ciudadliberal.cl\/index.php?rest_route=%2Fwp%2Fv2%2Fcomments&post=6168"}],"version-history":[{"count":2,"href":"https:\/\/ciudadliberal.cl\/index.php?rest_route=\/wp\/v2\/posts\/6168\/revisions"}],"predecessor-version":[{"id":6171,"href":"https:\/\/ciudadliberal.cl\/index.php?rest_route=\/wp\/v2\/posts\/6168\/revisions\/6171"}],"wp:featuredmedia":[{"embeddable":true,"href":"https:\/\/ciudadliberal.cl\/index.php?rest_route=\/wp\/v2\/media\/6169"}],"wp:attachment":[{"href":"https:\/\/ciudadliberal.cl\/index.php?rest_route=%2Fwp%2Fv2%2Fmedia&parent=6168"}],"wp:term":[{"taxonomy":"category","embeddable":true,"href":"https:\/\/ciudadliberal.cl\/index.php?rest_route=%2Fwp%2Fv2%2Fcategories&post=6168"},{"taxonomy":"post_tag","embeddable":true,"href":"https:\/\/ciudadliberal.cl\/index.php?rest_route=%2Fwp%2Fv2%2Ftags&post=6168"}],"curies":[{"name":"wp","href":"https:\/\/api.w.org\/{rel}","templated":true}]}}