{"id":6156,"date":"2019-10-02T21:21:05","date_gmt":"2019-10-03T01:21:05","guid":{"rendered":"https:\/\/ciudadliberal.cl\/?p=6156"},"modified":"2019-10-02T21:21:05","modified_gmt":"2019-10-03T01:21:05","slug":"condenan-a-tres-anos-de-carcel-efectiva-a-cristian-labbe-por-aplicacion-de-tormentos-en-1973","status":"publish","type":"post","link":"https:\/\/ciudadliberal.cl\/?p=6156","title":{"rendered":"Condenan a tres a\u00f1os de c\u00e1rcel efectiva a Cristi\u00e1n Labb\u00e9 por \u00abaplicaci\u00f3n de tormentos\u00bb en 1973"},"content":{"rendered":"<p>El Fisco adem\u00e1s tendr\u00e1 que pagar 30 millones de pesos a Harry Edwards Cohen, por concepto de da\u00f1o moral.<\/p>\n<p>El exalcalde de Providencia y coronel (r) Cristi\u00e1n Labb\u00e9, fue condenado a tres a\u00f1os de c\u00e1rcel efectiva por el delito de aplicaci\u00f3n de tormentos a Harry Edwards Cohen Vera, il\u00edcito perpetrado en noviembre de 1973 en la ciudad de Panguipulli, regi\u00f3n de Los R\u00edos.<\/p>\n<p>En el fallo, el ministro \u00c1lvaro Mesa conden\u00f3 al exoficial del Ejercito a la pena efectiva de tres a\u00f1os y a la suspensi\u00f3n de cargo u oficio p\u00fablico durante el tiempo de la condena.<\/p>\n<p>Adem\u00e1s, el magistrado conden\u00f3 al Fisco a pagar una indemnizaci\u00f3n de 30 millones de pesos a Cohen Vera, por concepto de da\u00f1o moral producto de los apremios ileg\u00edtimos.<\/p>\n<p>En la resoluci\u00f3n del ministro, se indica que \u201cla v\u00edctima fue retirada de su celda con los ojos vendados y con un saco a modo de capucha sobre la cabeza, amarrado de pies y manos, siendo transportado en un cami\u00f3n hacia un lugar que aparentemente pudiera corresponder a una bodega. Que en estas circunstancias fue colgado con las manos atadas a la espalda, permiti\u00e9ndole apoyarse s\u00f3lo con la punta de sus dedos al suelo. Que en ese momento es interrogado por 3 militares, respecto de los cuales pudo identificar la voz de aquel oficial corpulento descrito en el punto precedente (Labb\u00e9), quien en forma burlesca realizaba reiterados alcances a su origen semita. Que en dicho interrogatorio conectaron electrodos en su tobillo y mu\u00f1ecas, los cuales en forma sistem\u00e1tica produc\u00edan descargas el\u00e9ctricas cada vez m\u00e1s intensas, al mismo tiempo en que era interrogado\u201d.<\/p>\n<p>Fuente: <a href=\"https:\/\/www.latercera.com\/nacional\/noticia\/condenan-tres-anos-carcel-efectiva-cristian-labbe-aplicacion-tormentos-1973\/844465\/\">La Tercera<\/a><\/p>\n","protected":false},"excerpt":{"rendered":"<p>El Fisco adem\u00e1s tendr\u00e1 que pagar 30 millones de pesos a Harry Edwards Cohen, por concepto de da\u00f1o moral. El exalcalde de Providencia y coronel (r) Cristi\u00e1n Labb\u00e9, fue condenado a tres a\u00f1os de c\u00e1rcel efectiva por el delito de aplicaci\u00f3n de tormentos a Harry Edwards Cohen Vera, il\u00edcito perpetrado en noviembre de 1973 en [&hellip;]<\/p>\n","protected":false},"author":1,"featured_media":6157,"comment_status":"closed","ping_status":"closed","sticky":false,"template":"","format":"standard","meta":{"footnotes":""},"categories":[184,14,2],"tags":[],"class_list":["post-6156","post","type-post","status-publish","format-standard","has-post-thumbnail","hentry","category-derechos-humanos","category-entertainment","category-portada"],"_links":{"self":[{"href":"https:\/\/ciudadliberal.cl\/index.php?rest_route=\/wp\/v2\/posts\/6156","targetHints":{"allow":["GET"]}}],"collection":[{"href":"https:\/\/ciudadliberal.cl\/index.php?rest_route=\/wp\/v2\/posts"}],"about":[{"href":"https:\/\/ciudadliberal.cl\/index.php?rest_route=\/wp\/v2\/types\/post"}],"author":[{"embeddable":true,"href":"https:\/\/ciudadliberal.cl\/index.php?rest_route=\/wp\/v2\/users\/1"}],"replies":[{"embeddable":true,"href":"https:\/\/ciudadliberal.cl\/index.php?rest_route=%2Fwp%2Fv2%2Fcomments&post=6156"}],"version-history":[{"count":1,"href":"https:\/\/ciudadliberal.cl\/index.php?rest_route=\/wp\/v2\/posts\/6156\/revisions"}],"predecessor-version":[{"id":6158,"href":"https:\/\/ciudadliberal.cl\/index.php?rest_route=\/wp\/v2\/posts\/6156\/revisions\/6158"}],"wp:featuredmedia":[{"embeddable":true,"href":"https:\/\/ciudadliberal.cl\/index.php?rest_route=\/wp\/v2\/media\/6157"}],"wp:attachment":[{"href":"https:\/\/ciudadliberal.cl\/index.php?rest_route=%2Fwp%2Fv2%2Fmedia&parent=6156"}],"wp:term":[{"taxonomy":"category","embeddable":true,"href":"https:\/\/ciudadliberal.cl\/index.php?rest_route=%2Fwp%2Fv2%2Fcategories&post=6156"},{"taxonomy":"post_tag","embeddable":true,"href":"https:\/\/ciudadliberal.cl\/index.php?rest_route=%2Fwp%2Fv2%2Ftags&post=6156"}],"curies":[{"name":"wp","href":"https:\/\/api.w.org\/{rel}","templated":true}]}}