{"id":6154,"date":"2019-10-02T10:15:30","date_gmt":"2019-10-02T14:15:30","guid":{"rendered":"https:\/\/ciudadliberal.cl\/?p=6154"},"modified":"2019-10-02T10:15:30","modified_gmt":"2019-10-02T14:15:30","slug":"macron-pide-reforzar-los-valores-europeos-para-luchar-contra-los-regimenes-autoritarios","status":"publish","type":"post","link":"https:\/\/ciudadliberal.cl\/?p=6154","title":{"rendered":"Macron pide reforzar los valores europeos para luchar contra los reg\u00edmenes autoritarios"},"content":{"rendered":"<p>El presidente franc\u00e9s, Emmanuel Macron, pidi\u00f3 este martes 1 de octubre que se refuerce Europa y sus valores para contrarrestar \u00abel retorno de los temores que alimenta la fascinaci\u00f3n por los reg\u00edmenes autoritarios\u00bb.<\/p>\n<p>En su discurso ante la Asamblea Parlamentaria del Consejo de Europa (CdE) en Estrasburgo, el jefe de Estado present\u00f3 un panorama sombr\u00edo de la actualidad en un contexto de \u00abdebilitamiento sin precedentes del sistema multilateral\u00bb. Sin embargo, como ya hizo anteriormente, al reunirse con el presidente ruso Vladimir Putin, Macron defendi\u00f3 la reciente decisi\u00f3n de reintegrar a Rusia como miembro del CdE a pesar de la anexi\u00f3n de Crimea, argumentando que la exclusi\u00f3n no era propicia para el di\u00e1logo.<\/p>\n<p>\u00abRestablecer la adhesi\u00f3n rusa no es una se\u00f1al de complacencia, sino una elecci\u00f3n para ser m\u00e1s exigentes, exigiendo a Rusia que respete plenamente sus obligaciones y cumpla con sus deberes ante el Consejo de Europa. Esta decisi\u00f3n tambi\u00e9n sirve para presionar al Consejo para que sea colectivamente m\u00e1s fuerte y m\u00e1s eficiente cuando se enfrente a estas situaciones\u00bb, argument\u00f3.<\/p>\n<p>Macron se encontr\u00f3 con Oleg Sentsov, el cineasta ucraniano liberado en un intercambio de prisioneros el mes pasado despu\u00e9s de cuatro a\u00f1os en una c\u00e1rcel rusa. Sentsov, considerado por algunos grupos de derechos humanos como un prisionero pol\u00edtico. Se encontraba entre los 35 detenidos ucranianos que fueron intercambiados el 7 de septiembre y que regresaron a casa a cambio de un n\u00famero igual de prisioneros que ped\u00eda el Kremlin.<\/p>\n<p>Sobre este conflicto, Macron convino que: \u00ables debemos la fuerza de nuestro compromiso con el di\u00e1logo y la reconciliaci\u00f3n en nuestro continente\u00bb.<\/p>\n<p>&nbsp;<\/p>\n<p>Fuente: <a href=\"https:\/\/es.euronews.com\/2019\/10\/01\/macron-pide-reforzar-los-valores-europeos-para-luchar-contra-los-regimenes-autoritarios\">Euronews<\/a><\/p>\n","protected":false},"excerpt":{"rendered":"<p>El presidente franc\u00e9s, Emmanuel Macron, pidi\u00f3 este martes 1 de octubre que se refuerce Europa y sus valores para contrarrestar \u00abel retorno de los temores que alimenta la fascinaci\u00f3n por los reg\u00edmenes autoritarios\u00bb. En su discurso ante la Asamblea Parlamentaria del Consejo de Europa (CdE) en Estrasburgo, el jefe de Estado present\u00f3 un panorama sombr\u00edo [&hellip;]<\/p>\n","protected":false},"author":1,"featured_media":5802,"comment_status":"closed","ping_status":"closed","sticky":false,"template":"","format":"standard","meta":{"footnotes":""},"categories":[23,14,2],"tags":[],"class_list":["post-6154","post","type-post","status-publish","format-standard","has-post-thumbnail","hentry","category-macron","category-entertainment","category-portada"],"_links":{"self":[{"href":"https:\/\/ciudadliberal.cl\/index.php?rest_route=\/wp\/v2\/posts\/6154","targetHints":{"allow":["GET"]}}],"collection":[{"href":"https:\/\/ciudadliberal.cl\/index.php?rest_route=\/wp\/v2\/posts"}],"about":[{"href":"https:\/\/ciudadliberal.cl\/index.php?rest_route=\/wp\/v2\/types\/post"}],"author":[{"embeddable":true,"href":"https:\/\/ciudadliberal.cl\/index.php?rest_route=\/wp\/v2\/users\/1"}],"replies":[{"embeddable":true,"href":"https:\/\/ciudadliberal.cl\/index.php?rest_route=%2Fwp%2Fv2%2Fcomments&post=6154"}],"version-history":[{"count":1,"href":"https:\/\/ciudadliberal.cl\/index.php?rest_route=\/wp\/v2\/posts\/6154\/revisions"}],"predecessor-version":[{"id":6155,"href":"https:\/\/ciudadliberal.cl\/index.php?rest_route=\/wp\/v2\/posts\/6154\/revisions\/6155"}],"wp:featuredmedia":[{"embeddable":true,"href":"https:\/\/ciudadliberal.cl\/index.php?rest_route=\/wp\/v2\/media\/5802"}],"wp:attachment":[{"href":"https:\/\/ciudadliberal.cl\/index.php?rest_route=%2Fwp%2Fv2%2Fmedia&parent=6154"}],"wp:term":[{"taxonomy":"category","embeddable":true,"href":"https:\/\/ciudadliberal.cl\/index.php?rest_route=%2Fwp%2Fv2%2Fcategories&post=6154"},{"taxonomy":"post_tag","embeddable":true,"href":"https:\/\/ciudadliberal.cl\/index.php?rest_route=%2Fwp%2Fv2%2Ftags&post=6154"}],"curies":[{"name":"wp","href":"https:\/\/api.w.org\/{rel}","templated":true}]}}