{"id":5815,"date":"2019-07-23T20:44:58","date_gmt":"2019-07-24T00:44:58","guid":{"rendered":"https:\/\/ciudadliberal.cl\/?p=5815"},"modified":"2019-07-23T20:44:58","modified_gmt":"2019-07-24T00:44:58","slug":"comision-de-constitucion-del-senado-revisa-proyecto-de-matrimonio-igualitario","status":"publish","type":"post","link":"https:\/\/ciudadliberal.cl\/?p=5815","title":{"rendered":"Comisi\u00f3n de Constituci\u00f3n del Senado revisa proyecto de matrimonio igualitario"},"content":{"rendered":"<p>A la sesi\u00f3n de hoy fueron invitados a exponer los abogados especialistas en Derecho Civil Alejandra Illanes y Eduardo Court quienes fueron convocados a la instancia por el presidente de la comisi\u00f3n, Felipe Harboe.<\/p>\n<p>Este martes, desde las 10.00 horas, en la Comisi\u00f3n de Constituci\u00f3n del Senado, se\u00a0reactiv\u00f3 la discusi\u00f3n del proyecto de matrimonio igualitario, ingresado al Congreso por el gobierno de la expresidenta Michelle Bachelet y que hasta el momento ha tenido una lenta tramitaci\u00f3n.<br \/>\nA la sesi\u00f3n de hoy fueron invitados a exponer los abogados especialistas en Derecho Civil\u00a0Alejandra Illanes\u00a0de la Universidad Cat\u00f3lica de Valpara\u00edso y\u00a0Eduardo Court\u00a0de la Universidad Adolfo Ib\u00e1\u00f1ez quienes fueron convocados a la instancia por\u00a0el presidente de la comisi\u00f3n, Felipe Harboe.<br \/>\nDesde que ingres\u00f3 al Congreso, la iniciativa, que est\u00e1 en primer tr\u00e1mite constitucional, s\u00f3lo ha sido discutida en la Comisi\u00f3n de Constituci\u00f3n del Senado en dos oportunidades: noviembre de 2017 y luego en enero de 2019 cuando fue promovida por el senador Francisco Huenchumilla, quien lideraba la instancia.<\/p>\n<p>La semana pasada, cuando se anunci\u00f3 que el tema ser\u00eda discutido en la Comisi\u00f3n, Harboe calific\u00f3 la tramitaci\u00f3n como un\u00a0\u201cproceso normal\u201d\u00a0y sostuvo que considera importante\u00a0\u201cseguir adelante con materias que tienen el inter\u00e9s de una parte de la ciudadan\u00eda\u201d.<br \/>\nEl proyecto de matrimonio igualitario cuenta con amplio apoyo en los partidos de oposici\u00f3n. Al momento de asumir el cargo de presidente del Senado, el legislador Jaime Quintana dijo que una de las prioridades de este a\u00f1o legislativo deber\u00eda ser aprobar esta iniciativa.<\/p>\n<p>&nbsp;<\/p>\n<p>Fuente: <a href=\"https:\/\/www.latercera.com\/politica\/noticia\/comision-constitucion-del-senado-revisa-proyecto-matrimonio-igualitario\/750193\/\">La Tercera<\/a><\/p>\n","protected":false},"excerpt":{"rendered":"<p>A la sesi\u00f3n de hoy fueron invitados a exponer los abogados especialistas en Derecho Civil Alejandra Illanes y Eduardo Court quienes fueron convocados a la instancia por el presidente de la comisi\u00f3n, Felipe Harboe. Este martes, desde las 10.00 horas, en la Comisi\u00f3n de Constituci\u00f3n del Senado, se\u00a0reactiv\u00f3 la discusi\u00f3n del proyecto de matrimonio igualitario, [&hellip;]<\/p>\n","protected":false},"author":1,"featured_media":5816,"comment_status":"closed","ping_status":"closed","sticky":false,"template":"","format":"standard","meta":{"footnotes":""},"categories":[15,16,2,1],"tags":[],"class_list":["post-5815","post","type-post","status-publish","format-standard","has-post-thumbnail","hentry","category-libertades-civiles","category-internet","category-portada","category-sociedad-plural"],"_links":{"self":[{"href":"https:\/\/ciudadliberal.cl\/index.php?rest_route=\/wp\/v2\/posts\/5815","targetHints":{"allow":["GET"]}}],"collection":[{"href":"https:\/\/ciudadliberal.cl\/index.php?rest_route=\/wp\/v2\/posts"}],"about":[{"href":"https:\/\/ciudadliberal.cl\/index.php?rest_route=\/wp\/v2\/types\/post"}],"author":[{"embeddable":true,"href":"https:\/\/ciudadliberal.cl\/index.php?rest_route=\/wp\/v2\/users\/1"}],"replies":[{"embeddable":true,"href":"https:\/\/ciudadliberal.cl\/index.php?rest_route=%2Fwp%2Fv2%2Fcomments&post=5815"}],"version-history":[{"count":1,"href":"https:\/\/ciudadliberal.cl\/index.php?rest_route=\/wp\/v2\/posts\/5815\/revisions"}],"predecessor-version":[{"id":5817,"href":"https:\/\/ciudadliberal.cl\/index.php?rest_route=\/wp\/v2\/posts\/5815\/revisions\/5817"}],"wp:featuredmedia":[{"embeddable":true,"href":"https:\/\/ciudadliberal.cl\/index.php?rest_route=\/wp\/v2\/media\/5816"}],"wp:attachment":[{"href":"https:\/\/ciudadliberal.cl\/index.php?rest_route=%2Fwp%2Fv2%2Fmedia&parent=5815"}],"wp:term":[{"taxonomy":"category","embeddable":true,"href":"https:\/\/ciudadliberal.cl\/index.php?rest_route=%2Fwp%2Fv2%2Fcategories&post=5815"},{"taxonomy":"post_tag","embeddable":true,"href":"https:\/\/ciudadliberal.cl\/index.php?rest_route=%2Fwp%2Fv2%2Ftags&post=5815"}],"curies":[{"name":"wp","href":"https:\/\/api.w.org\/{rel}","templated":true}]}}