{"id":5811,"date":"2019-07-22T16:38:11","date_gmt":"2019-07-22T20:38:11","guid":{"rendered":"https:\/\/ciudadliberal.cl\/?p=5811"},"modified":"2019-07-22T16:38:11","modified_gmt":"2019-07-22T20:38:11","slug":"cadem-ministra-cubillos-cae-nueve-puntos","status":"publish","type":"post","link":"https:\/\/ciudadliberal.cl\/?p=5811","title":{"rendered":"Cadem: Ministra Cubillos cae nueve puntos"},"content":{"rendered":"<p>Adem\u00e1s, el sondeo arroj\u00f3 una ca\u00edda de 12 puntos porcentuales en torno a la aprobaci\u00f3n de la gesti\u00f3n del gobierno en educaci\u00f3n.<\/p>\n<p>Una contundente ca\u00edda en la aprobaci\u00f3n de la ministra de Educaci\u00f3n, Marcela Cubillos, reflej\u00f3 la \u00faltima encuesta Plaza P\u00fablica Cadem.<\/p>\n<p>El sondeo revel\u00f3 que la evaluaci\u00f3n positiva de la secretaria de Estado pas\u00f3 de un 32% a un 23%, cayendo 9 puntos porcentuales respecto de la medici\u00f3n anterior.<\/p>\n<p>Cadem midi\u00f3 a Cubillos tras el rechazo del Colegio de Profesores a la \u00faltima propuesta del Mineduc que buscaba poner fin a la movilizaci\u00f3n del gremio que -a esas alturas- cumpl\u00eda casi un mes y medio.<\/p>\n<p>El descenso de la ministra tambi\u00e9n ocurre luego de que la C\u00e1mara de Diputados rechazara la idea de legislar del proyecto Admisi\u00f3n Justa, una de las iniciativas emblem\u00e1ticas de su gesti\u00f3n que buscaba reponer la selecci\u00f3n en colegios de excelencia acad\u00e9mica.<\/p>\n<p>Adem\u00e1s del descenso en la aprobaci\u00f3n de Cubillos, el sondeo arroj\u00f3 una ca\u00edda de 12 puntos porcentuales en torno a la aprobaci\u00f3n de la gesti\u00f3n del gobierno en educaci\u00f3n, pasando del 31% a un 19%.<\/p>\n<p>El desplome de Cubillos contrasta con lo que revel\u00f3 la encuesta del Centro de Estudios P\u00fablicos (CEP) de junio, donde se ubic\u00f3 como una de las figuras mejores evaluadas del gabinete, con un apreciaci\u00f3n positiva del 36% y un rechazo de 26%.<\/p>\n<p>Hoy la gesti\u00f3n de la ministra volver\u00e1 a estar sobre la mesa cuando el gremio de profesores someta nuevamente a votaci\u00f3n la continuidad del paro.<\/p>\n<p><em><strong>Pi\u00f1era y Morel, a la baja<\/strong><\/em><\/p>\n<p>En una semana cruzada por la crisis del agua en Osorno, la evaluaci\u00f3n del Presidente Sebasti\u00e1n Pi\u00f1era se ubic\u00f3 en el 29% de aprobaci\u00f3n, con un 58% de desaprobaci\u00f3n. En la encuesta anterior mostraba un 30%.<\/p>\n<p>La primera dama, Cecilia Morel, en tanto, sufri\u00f3 una ca\u00edda de cuatro puntos, ubic\u00e1ndose en el 64%.<\/p>\n<p>Fuente: <a href=\"https:\/\/www.latercera.com\/politica\/noticia\/cadem-ministra-cubillos-cae-nueve-puntos\/748559\/\">La Tercera<\/a><\/p>\n","protected":false},"excerpt":{"rendered":"<p>Adem\u00e1s, el sondeo arroj\u00f3 una ca\u00edda de 12 puntos porcentuales en torno a la aprobaci\u00f3n de la gesti\u00f3n del gobierno en educaci\u00f3n. Una contundente ca\u00edda en la aprobaci\u00f3n de la ministra de Educaci\u00f3n, Marcela Cubillos, reflej\u00f3 la \u00faltima encuesta Plaza P\u00fablica Cadem. El sondeo revel\u00f3 que la evaluaci\u00f3n positiva de la secretaria de Estado pas\u00f3 [&hellip;]<\/p>\n","protected":false},"author":1,"featured_media":5812,"comment_status":"closed","ping_status":"closed","sticky":false,"template":"","format":"standard","meta":{"footnotes":""},"categories":[16,2],"tags":[],"class_list":["post-5811","post","type-post","status-publish","format-standard","has-post-thumbnail","hentry","category-internet","category-portada"],"_links":{"self":[{"href":"https:\/\/ciudadliberal.cl\/index.php?rest_route=\/wp\/v2\/posts\/5811","targetHints":{"allow":["GET"]}}],"collection":[{"href":"https:\/\/ciudadliberal.cl\/index.php?rest_route=\/wp\/v2\/posts"}],"about":[{"href":"https:\/\/ciudadliberal.cl\/index.php?rest_route=\/wp\/v2\/types\/post"}],"author":[{"embeddable":true,"href":"https:\/\/ciudadliberal.cl\/index.php?rest_route=\/wp\/v2\/users\/1"}],"replies":[{"embeddable":true,"href":"https:\/\/ciudadliberal.cl\/index.php?rest_route=%2Fwp%2Fv2%2Fcomments&post=5811"}],"version-history":[{"count":1,"href":"https:\/\/ciudadliberal.cl\/index.php?rest_route=\/wp\/v2\/posts\/5811\/revisions"}],"predecessor-version":[{"id":5813,"href":"https:\/\/ciudadliberal.cl\/index.php?rest_route=\/wp\/v2\/posts\/5811\/revisions\/5813"}],"wp:featuredmedia":[{"embeddable":true,"href":"https:\/\/ciudadliberal.cl\/index.php?rest_route=\/wp\/v2\/media\/5812"}],"wp:attachment":[{"href":"https:\/\/ciudadliberal.cl\/index.php?rest_route=%2Fwp%2Fv2%2Fmedia&parent=5811"}],"wp:term":[{"taxonomy":"category","embeddable":true,"href":"https:\/\/ciudadliberal.cl\/index.php?rest_route=%2Fwp%2Fv2%2Fcategories&post=5811"},{"taxonomy":"post_tag","embeddable":true,"href":"https:\/\/ciudadliberal.cl\/index.php?rest_route=%2Fwp%2Fv2%2Ftags&post=5811"}],"curies":[{"name":"wp","href":"https:\/\/api.w.org\/{rel}","templated":true}]}}