{"id":5710,"date":"2019-07-04T11:15:42","date_gmt":"2019-07-04T15:15:42","guid":{"rendered":"https:\/\/ciudadliberal.cl\/?p=5710"},"modified":"2019-07-04T11:15:42","modified_gmt":"2019-07-04T15:15:42","slug":"partido-liberal-explica-al-gobierno-su-propuesta-de-reduccion-de-dieta-parlamentaria","status":"publish","type":"post","link":"https:\/\/ciudadliberal.cl\/?p=5710","title":{"rendered":"Partido Liberal explica al Gobierno su propuesta de reducci\u00f3n de dieta parlamentaria"},"content":{"rendered":"<p>El Partido Liberal (PL) se reuni\u00f3 esta ma\u00f1ana con el ministro del Interior, Andr\u00e9s Chadwick, en el marco del acuerdo para fortalecer las instituciones, instancia en el que la colectividad plante\u00f3 su propuesta de reducci\u00f3n a la dieta parlamentaria.<\/p>\n<p>Tras la cita, el diputado Vlado Mirosevic se\u00f1al\u00f3 que \u201cestamos dispuestos a contribuir con nuestros votos para una reforma al Poder Judicial, una reforma al Ministerio P\u00fablica, una reforma a Contralor\u00eda y tambi\u00e9n una reforma al Congreso\u201d.<\/p>\n<p>Pero agreg\u00f3 que \u201ctambi\u00e9n le hemos venido a presentar nuestras propias propuestas y hemos centrado la conversaci\u00f3n en la reducci\u00f3n de la dieta\u201c.<\/p>\n<p>\u201cNo perdemos la esperanza, m\u00e1s all\u00e1 de que hemos escuchado en general la posici\u00f3n del Gobierno que est\u00e1 en contra de esta iniciativa\u201c, a\u00f1adi\u00f3. Pero, a\u00fan as\u00ed \u201cnosotros vamos a insistir y no perdemos la esperanza de que podemos reducir la dieta parlamentaria\u201d.<\/p>\n<p>\u201cNo estamos por el sueldo\u201d<br \/>\nEn esa l\u00ednea, el parlamentario afirm\u00f3 que \u201cnos da la impresi\u00f3n de que hoy hay m\u00e1s diputados y diputadas dispuestos a aprobar una reforma como esta\u201d. Pero, \u201cnecesitamos saber cu\u00e1l va a ser la posici\u00f3n del Gobierno porque no basta con reducci\u00f3n de parlamentarios, lo importante aqu\u00ed es reducir la dieta\u201d.<\/p>\n<p>\u201cEsperamos que sintonicen con una medida de austeridad y de sentido com\u00fan que es necesaria y que los chilenos est\u00e1n exigiendo y est\u00e1n pidiendo\u201d, sostuvo.<\/p>\n<p>Mirosevic agreg\u00f3 que \u201ctiene que quedar claro que aquellos que estamos en el Congreso no estamos por el sueldo, no estamos por la dieta, sino que estamos realmente porque tenemos un compromiso de transformar el pa\u00eds\u201d.<\/p>\n<p>Adem\u00e1s, el diputado detall\u00f3 que son \u201cpartidarios de disminuir la dieta parlamentaria, lo que va directamente al bolsillo del parlamentario\u201d.<\/p>\n<p>\u201cNo somos partidario de disminuci\u00f3n de equipos t\u00e9cnicos porque el Poder Legislativo tiene que enfrentar la posici\u00f3n de grandes empresas, la posici\u00f3n del gobierno y que ellos tienen presupuestos para grandes equipos\u201d, aclar\u00f3.<\/p>\n<p>\u201cLos parlamentarios tenemos que saber enfrentar t\u00e9cnicamente esas posiciones tambi\u00e9n\u201d, indic\u00f3. Seguido a eso, precis\u00f3 que \u201cno creemos que haya que disminuir la calidad del trabajo parlamentario, lo que hay que hacer es disminuir lo que va directo al bolsillo\u201d.<\/p>\n<p>Fuente: <a href=\"https:\/\/www.eldinamo.cl\/nacional\/2019\/07\/03\/partido-liberal-explica-al-gobierno-su-propuesta-de-reduccion-de-dieta-parlamentaria\/\">El D\u00ednamo<\/a><\/p>\n","protected":false},"excerpt":{"rendered":"<p>El Partido Liberal (PL) se reuni\u00f3 esta ma\u00f1ana con el ministro del Interior, Andr\u00e9s Chadwick, en el marco del acuerdo para fortalecer las instituciones, instancia en el que la colectividad plante\u00f3 su propuesta de reducci\u00f3n a la dieta parlamentaria. Tras la cita, el diputado Vlado Mirosevic se\u00f1al\u00f3 que \u201cestamos dispuestos a contribuir con nuestros votos [&hellip;]<\/p>\n","protected":false},"author":1,"featured_media":3985,"comment_status":"closed","ping_status":"closed","sticky":false,"template":"","format":"standard","meta":{"footnotes":""},"categories":[16,2],"tags":[],"class_list":["post-5710","post","type-post","status-publish","format-standard","has-post-thumbnail","hentry","category-internet","category-portada"],"_links":{"self":[{"href":"https:\/\/ciudadliberal.cl\/index.php?rest_route=\/wp\/v2\/posts\/5710","targetHints":{"allow":["GET"]}}],"collection":[{"href":"https:\/\/ciudadliberal.cl\/index.php?rest_route=\/wp\/v2\/posts"}],"about":[{"href":"https:\/\/ciudadliberal.cl\/index.php?rest_route=\/wp\/v2\/types\/post"}],"author":[{"embeddable":true,"href":"https:\/\/ciudadliberal.cl\/index.php?rest_route=\/wp\/v2\/users\/1"}],"replies":[{"embeddable":true,"href":"https:\/\/ciudadliberal.cl\/index.php?rest_route=%2Fwp%2Fv2%2Fcomments&post=5710"}],"version-history":[{"count":1,"href":"https:\/\/ciudadliberal.cl\/index.php?rest_route=\/wp\/v2\/posts\/5710\/revisions"}],"predecessor-version":[{"id":5711,"href":"https:\/\/ciudadliberal.cl\/index.php?rest_route=\/wp\/v2\/posts\/5710\/revisions\/5711"}],"wp:featuredmedia":[{"embeddable":true,"href":"https:\/\/ciudadliberal.cl\/index.php?rest_route=\/wp\/v2\/media\/3985"}],"wp:attachment":[{"href":"https:\/\/ciudadliberal.cl\/index.php?rest_route=%2Fwp%2Fv2%2Fmedia&parent=5710"}],"wp:term":[{"taxonomy":"category","embeddable":true,"href":"https:\/\/ciudadliberal.cl\/index.php?rest_route=%2Fwp%2Fv2%2Fcategories&post=5710"},{"taxonomy":"post_tag","embeddable":true,"href":"https:\/\/ciudadliberal.cl\/index.php?rest_route=%2Fwp%2Fv2%2Ftags&post=5710"}],"curies":[{"name":"wp","href":"https:\/\/api.w.org\/{rel}","templated":true}]}}