{"id":5659,"date":"2019-06-24T11:14:23","date_gmt":"2019-06-24T15:14:23","guid":{"rendered":"https:\/\/ciudadliberal.cl\/?p=5659"},"modified":"2019-06-24T11:14:23","modified_gmt":"2019-06-24T15:14:23","slug":"carta-de-un-liberal-de-aca-a-un-liberal-de-alla","status":"publish","type":"post","link":"https:\/\/ciudadliberal.cl\/?p=5659","title":{"rendered":"Carta de un liberal de ac\u00e1 a un liberal de all\u00e1"},"content":{"rendered":"<p>Dirigida a Guy Verhofstadt, que fue primer ministro belga y l\u00edder de los liberales europeos.<\/p>\n<p>Querido Guy:<\/p>\n<p>El de este env\u00edo era tambi\u00e9n el t\u00edtulo de un art\u00edculo del escritor y periodista del XIX Mariano Jos\u00e9 de Larra, que acab\u00f3 suicid\u00e1ndose en medio de su personal desesperaci\u00f3n amorosa, y acosado como estaba por la tribulaci\u00f3n pol\u00edtica espa\u00f1ola. Larra figura en el imaginario espa\u00f1ol como uno de los primeros intelectuales dem\u00f3cratas modernos. Fue un liberal moderado que luch\u00f3 con su pluma durante toda su vida por la defensa de los derechos de los ciudadanos y contra las fuerzas reaccionarias del carlismo. Encabeza una lista no excesivamente larga de liberales espa\u00f1oles entre los que sobresalen, con diferente \u00e9nfasis, Ortega y Gasset, Ram\u00f3n P\u00e9rez de Ayala y hasta el que fuera presidente de la Segunda Rep\u00fablica Manuel Aza\u00f1a, por no mencionar al representante del liberalismo ilustrado m\u00e1s significativo, Salvador de Madariaga. Exiliado desde comienzos de la Guerra Civil, mantuvo su terca y admirable decisi\u00f3n de no regresar a Espa\u00f1a hasta despu\u00e9s de la muerte del dictador.<\/p>\n<p>No tuvieron mucha suerte nuestros liberales a lo largo de la historia. Presionados por facciosos a derecha e izquierda, apenan lograron imponer su ideario como no fuera en pacto con los conservadores, siempre condicionados por el poder de la Iglesia cat\u00f3lica y la existencia de lo que todav\u00eda se llama la Espa\u00f1a profunda. En la Transici\u00f3n incoada tras la muerte del general Franco, fracasaron tambi\u00e9n los intentos de algunos por encabezar un partido liberal que fuera reconocido y aceptado por sectores progresistas. Fueron de alguna manera compensados por el devenir de la socialdemocracia, especialmente durante los Gobiernos de Felipe Gonz\u00e1lez, en los que predomin\u00f3 la tendencia del liberal-socialismo. Y en a\u00f1os a\u00fan recientes asistimos a la fundaci\u00f3n de Ciudadanos, bajo el patrocinio inicial de un buen n\u00famero de intelectuales de incontestable pedigr\u00ed democr\u00e1tico, capaces de denunciar, como hasta entonces no lo hab\u00edan hecho ni socialistas ni populares, la deriva totalitaria, xen\u00f3foba y excluyente del nacionalismo catal\u00e1n. Pero la inicial victoria que se apuntaron, y su posterior progreso electoral, amenazan con extinguirse en medio de turbulencias casi tan tr\u00e1gicas como las que rodearon la muerte de Larra. Aunque en esta ocasi\u00f3n no ser\u00e1 un hombre quien se suicide, sino todo un partido. Apenas hab\u00eda nacido con la promesa de regenerar la vida pol\u00edtica espa\u00f1ola y comienza a agonizar, envenenado tambi\u00e9n \u00e9l por la p\u00f3cima y el arrebato del poder, aunque la beba por el momento (\u00a1encima esto!) en proporciones casi irrisorias.<\/p>\n<p>No te escribo para demandar tu mediaci\u00f3n ni a fin de expresar ninguna queja. Lo hago debido al desaliento. Contemplo de nuevo las dificultades que el pensamiento liberal encuentra para desarrollarse en Espa\u00f1a y concretar pol\u00edticas efectivas y duraderas que consigan ampliar los derechos de los ciudadanos. Contrariamente a ello, la formaci\u00f3n liderada hoy por Albert Rivera, al que respeto personalmente y cuya amistad cultivo, viene desde hace meses estableciendo alianzas con un partido neofranquista, heredero del m\u00e1s oscuro credo reaccionario. All\u00ed donde Vox ha tenido oportunidad de influir en el poder pol\u00edtico no ha hecho sino proponer medidas que implican un retroceso, en algunos casos dram\u00e1tico, de derechos adquiridos por los espa\u00f1oles con esfuerzo y tes\u00f3n durante los cuarenta a\u00f1os de democracia. Los colectivos LGTBI, los inmigrantes, los herederos de los represaliados por el franquismo o las potenciales v\u00edctimas de la violencia de g\u00e9nero tienen razones para preocuparse. Pero tambi\u00e9n los arquitectos de la Constituci\u00f3n de 1978, cuya estructura pr\u00e1cticamente federal, dise\u00f1ada en el Estado de las autonom\u00edas, est\u00e1 condenada a la destrucci\u00f3n si se siguen las orientaciones de quienes sin lugar a dudas a\u00f1oran los perfiles de la Espa\u00f1a predemocr\u00e1tica.<\/p>\n<p>Como cualquier otra fuerza pol\u00edtica Ciudadanos comete, ha cometido y cometer\u00e1 errores. Fue un error que In\u00e9s Arrimadas no se presentara oficialmente a la investidura como presidenta de la Generalitat catalana despu\u00e9s de haber sido la m\u00e1s votada de la comunidad. Hubiera podido aprovechar el tir\u00f3n para exponer su proyecto de pa\u00eds, para Catalu\u00f1a y para Espa\u00f1a, y lo \u00fanico que explica aquella ausencia es suponer que el tal proyecto no exist\u00eda o que el brillo emergente de quien demostr\u00f3 ser una l\u00edder con posibilidades de futuro pudiera ensombrecer la demediada luz de otros. M\u00e1s tarde, despu\u00e9s de haber apoyado durante toda la legislatura al partido socialista en la Junta de Andaluc\u00eda, le dieron la espalda para entregar el poder al Partido Popular en connivencia con los brotes neofascistas que ya germinaban entre nosotros. Operaci\u00f3n que est\u00e1n dispuestos a culminar tambi\u00e9n ahora en Madrid, despu\u00e9s de intentar sin ning\u00fan \u00e9xito encabezar a toda la derecha espa\u00f1ola. El \u00faltimo episodio que ha terminado por develar el desvar\u00edo liberal ha sido su abierto rechazo a las posturas valerosas y consecuentes del ex primer ministro franc\u00e9s Manuel Valls, recuperado felizmente para la pol\u00edtica catalana y espa\u00f1ola. En un memorable discurso, extraordinario en el fondo y en la forma, con motivo de la constituci\u00f3n del Ayuntamiento barcelon\u00e9s, Valls reivindic\u00f3 la necesidad de poner coto al independentismo catal\u00e1n aun a costa de ceder apoyos a un sector l\u00e1bil del populismo m\u00e1s o menos bienintencionado. Es sorprendente que a estas alturas del proc\u00e9s sea precisamente un emigrante retornado el que tenga que venir a explicarnos que la \u00fanica verdadera amenaza inmediata para Espa\u00f1a y para Europa es la de quienes est\u00e1n dispuestos a provocar la quiebra del Estado. T\u00fa mejor que nadie sabes que el nacionalismo es un c\u00e1ncer que genera divisi\u00f3n y violencia. Violencia y divisi\u00f3n germinan a diario en Catalu\u00f1a en medio del conflicto provocado por el nacionalismo radical, que amenaza con despertar, si no lo ha hecho ya, las pasiones m\u00e1s infames de los extremistas de la Espa\u00f1a profunda. Esa con la que los liberales de hoga\u00f1o acuden a fotografiarse felices, a cambio de unos cuantos curiles municipales.<\/p>\n<p>No te escribo, como he dicho, en solicitud de nada. Ni mucho menos para insistir en la idea, ya condenada al fracaso, de que Ciudadanos deber\u00eda haber prestado su concurso al partido socialista para garantizar la gobernabilidad de mi pa\u00eds en el corto plazo. Lo hago, como dec\u00eda, para drenar el sentimiento de impotencia y decepci\u00f3n que causa en la conciencia liberal ver que un partido que se apodera de su nombre perece alegremente y pone en peligro el devenir ajeno, movido solo por el personalismo, la impericia y las ambiciones peque\u00f1as. Y lo hace en nombre de una regeneraci\u00f3n pol\u00edtica de la que abiertamente ha abdicado. La historia de Espa\u00f1a de los dos \u00faltimos siglos, quiz\u00e1 tambi\u00e9n la de Europa, se resume en una permanente confrontaci\u00f3n entre las mentes ilustradas y las que se aferran a la identidad, nacional, religiosa o de cualquier otro g\u00e9nero, con desprecio indisimulado hacia quienes no son como ellos. Naturalmente, estas son posturas siempre asediadas por la confusi\u00f3n, pues solo el fundamentalismo reclama pureza de sangre. Resbalones de este g\u00e9nero los hemos visto y los vemos a derecha e izquierda, y no es el menor de los ejemplos el demag\u00f3gico No es no que parece haberse apoderado de la dial\u00e9ctica espa\u00f1ola. Felizmente, mi pa\u00eds parece haber aprendido la lecci\u00f3n y el talante liberal del que reniega la casta y quienes a ella formalmente se oponen ha germinado en la sociedad civil.<\/p>\n<p>Empresarios, grandes y peque\u00f1os, universidades, oeneg\u00e9s, iniciativas de la econom\u00eda cooperativa, movimientos de estudiantes y docentes, sectores no contaminados de organizaciones religiosas, siguen haciendo que este pa\u00eds avance hasta el punto de que algunos lo consideran uno de los mejores que hay para vivir. Lo que pone de relieve que, contra toda suposici\u00f3n, hay todav\u00eda y seguir\u00e1 habiendo ac\u00e1 muchos liberales a los que espero que alg\u00fan d\u00eda se les disipe la frustraci\u00f3n y el tedio producida por la actitud de quienes usurpan su apellido.<\/p>\n<p>Te deseo mucha suerte y te agradezco la atenci\u00f3n que hayas prestado a estas l\u00edneas, fruto solo del drenaje de mi coraz\u00f3n.<\/p>\n<p>Fuente: <a href=\"https:\/\/elpais.com\/elpais\/2019\/06\/23\/opinion\/1561299533_530874.html\">El Pa\u00eds<\/a><\/p>\n","protected":false},"excerpt":{"rendered":"<p>Dirigida a Guy Verhofstadt, que fue primer ministro belga y l\u00edder de los liberales europeos. Querido Guy: El de este env\u00edo era tambi\u00e9n el t\u00edtulo de un art\u00edculo del escritor y periodista del XIX Mariano Jos\u00e9 de Larra, que acab\u00f3 suicid\u00e1ndose en medio de su personal desesperaci\u00f3n amorosa, y acosado como estaba por la tribulaci\u00f3n [&hellip;]<\/p>\n","protected":false},"author":1,"featured_media":4038,"comment_status":"closed","ping_status":"closed","sticky":false,"template":"","format":"standard","meta":{"footnotes":""},"categories":[14,2],"tags":[],"class_list":["post-5659","post","type-post","status-publish","format-standard","has-post-thumbnail","hentry","category-entertainment","category-portada"],"_links":{"self":[{"href":"https:\/\/ciudadliberal.cl\/index.php?rest_route=\/wp\/v2\/posts\/5659","targetHints":{"allow":["GET"]}}],"collection":[{"href":"https:\/\/ciudadliberal.cl\/index.php?rest_route=\/wp\/v2\/posts"}],"about":[{"href":"https:\/\/ciudadliberal.cl\/index.php?rest_route=\/wp\/v2\/types\/post"}],"author":[{"embeddable":true,"href":"https:\/\/ciudadliberal.cl\/index.php?rest_route=\/wp\/v2\/users\/1"}],"replies":[{"embeddable":true,"href":"https:\/\/ciudadliberal.cl\/index.php?rest_route=%2Fwp%2Fv2%2Fcomments&post=5659"}],"version-history":[{"count":1,"href":"https:\/\/ciudadliberal.cl\/index.php?rest_route=\/wp\/v2\/posts\/5659\/revisions"}],"predecessor-version":[{"id":5660,"href":"https:\/\/ciudadliberal.cl\/index.php?rest_route=\/wp\/v2\/posts\/5659\/revisions\/5660"}],"wp:featuredmedia":[{"embeddable":true,"href":"https:\/\/ciudadliberal.cl\/index.php?rest_route=\/wp\/v2\/media\/4038"}],"wp:attachment":[{"href":"https:\/\/ciudadliberal.cl\/index.php?rest_route=%2Fwp%2Fv2%2Fmedia&parent=5659"}],"wp:term":[{"taxonomy":"category","embeddable":true,"href":"https:\/\/ciudadliberal.cl\/index.php?rest_route=%2Fwp%2Fv2%2Fcategories&post=5659"},{"taxonomy":"post_tag","embeddable":true,"href":"https:\/\/ciudadliberal.cl\/index.php?rest_route=%2Fwp%2Fv2%2Ftags&post=5659"}],"curies":[{"name":"wp","href":"https:\/\/api.w.org\/{rel}","templated":true}]}}