{"id":5642,"date":"2019-06-19T17:19:27","date_gmt":"2019-06-19T21:19:27","guid":{"rendered":"https:\/\/ciudadliberal.cl\/?p=5642"},"modified":"2019-06-19T17:19:27","modified_gmt":"2019-06-19T21:19:27","slug":"trudeau-presenta-al-parlamento-nuevo-acuerdo-comercial-con-eu-y-mexico","status":"publish","type":"post","link":"https:\/\/ciudadliberal.cl\/?p=5642","title":{"rendered":"Trudeau presenta al Parlamento nuevo acuerdo comercial con EU y M\u00e9xico"},"content":{"rendered":"<p>El primer ministro canadiense, Justin Trudeau, present\u00f3 al Parlamento el nuevo acuerdo de comercio continental (T-MEC) horas antes de la visita del vicepresidente de Estados Unidos, Mike Pence, para discutir la implementaci\u00f3n del tratado.<\/p>\n<p>Trudeau present\u00f3 el proyecto de ley a la C\u00e1mara de los Comunes y describi\u00f3 como \u201cun largo y dificultoso proceso\u201d las negociaciones del a\u00f1o pasado para reemplazar al Tratado de Libre Comercio de Am\u00e9rica del Norte, de 25 a\u00f1os.<\/p>\n<p>Canad\u00e1, Estados Unidos y M\u00e9xico firmaron el acuerdo conocido como T-MEC en noviembre de 2018. El pacto, que reemplazar\u00e1 al actual Tratado de Libre Comercio de Am\u00e9rica del Norte (TLCAN), a\u00fan no ha sido ratificado por los tres pa\u00edses.<\/p>\n<p>La ministra de Relaciones Exteriores, Chrystia Freeland, dijo que Canad\u00e1 continuar\u00e1 con sus planes de ratificaci\u00f3n, en conjunto con Estados Unidos.<\/p>\n<p><a href=\"https:\/\/www.contrareplica.mx\/nota-Trudeau-presenta-al-Parlamento-nuevo-acuerdo-comercial-con-EU-y-Mexico201929546\">Fuente<\/a><\/p>\n","protected":false},"excerpt":{"rendered":"<p>El primer ministro canadiense, Justin Trudeau, present\u00f3 al Parlamento el nuevo acuerdo de comercio continental (T-MEC) horas antes de la visita del vicepresidente de Estados Unidos, Mike Pence, para discutir la implementaci\u00f3n del tratado. Trudeau present\u00f3 el proyecto de ley a la C\u00e1mara de los Comunes y describi\u00f3 como \u201cun largo y dificultoso proceso\u201d las [&hellip;]<\/p>\n","protected":false},"author":1,"featured_media":5643,"comment_status":"closed","ping_status":"closed","sticky":false,"template":"","format":"standard","meta":{"footnotes":""},"categories":[14,2],"tags":[],"class_list":["post-5642","post","type-post","status-publish","format-standard","has-post-thumbnail","hentry","category-entertainment","category-portada"],"_links":{"self":[{"href":"https:\/\/ciudadliberal.cl\/index.php?rest_route=\/wp\/v2\/posts\/5642","targetHints":{"allow":["GET"]}}],"collection":[{"href":"https:\/\/ciudadliberal.cl\/index.php?rest_route=\/wp\/v2\/posts"}],"about":[{"href":"https:\/\/ciudadliberal.cl\/index.php?rest_route=\/wp\/v2\/types\/post"}],"author":[{"embeddable":true,"href":"https:\/\/ciudadliberal.cl\/index.php?rest_route=\/wp\/v2\/users\/1"}],"replies":[{"embeddable":true,"href":"https:\/\/ciudadliberal.cl\/index.php?rest_route=%2Fwp%2Fv2%2Fcomments&post=5642"}],"version-history":[{"count":1,"href":"https:\/\/ciudadliberal.cl\/index.php?rest_route=\/wp\/v2\/posts\/5642\/revisions"}],"predecessor-version":[{"id":5644,"href":"https:\/\/ciudadliberal.cl\/index.php?rest_route=\/wp\/v2\/posts\/5642\/revisions\/5644"}],"wp:featuredmedia":[{"embeddable":true,"href":"https:\/\/ciudadliberal.cl\/index.php?rest_route=\/wp\/v2\/media\/5643"}],"wp:attachment":[{"href":"https:\/\/ciudadliberal.cl\/index.php?rest_route=%2Fwp%2Fv2%2Fmedia&parent=5642"}],"wp:term":[{"taxonomy":"category","embeddable":true,"href":"https:\/\/ciudadliberal.cl\/index.php?rest_route=%2Fwp%2Fv2%2Fcategories&post=5642"},{"taxonomy":"post_tag","embeddable":true,"href":"https:\/\/ciudadliberal.cl\/index.php?rest_route=%2Fwp%2Fv2%2Ftags&post=5642"}],"curies":[{"name":"wp","href":"https:\/\/api.w.org\/{rel}","templated":true}]}}