{"id":5632,"date":"2019-06-17T11:42:17","date_gmt":"2019-06-17T15:42:17","guid":{"rendered":"https:\/\/ciudadliberal.cl\/?p=5632"},"modified":"2019-06-17T11:42:17","modified_gmt":"2019-06-17T15:42:17","slug":"agustin-squella-y-nuevo-partido-de-j-a-kast-detras-de-el-esta-la-derecha-autoritaria-que-sigue-respetando-a-pinochet","status":"publish","type":"post","link":"https:\/\/ciudadliberal.cl\/?p=5632","title":{"rendered":"Agust\u00edn Squella y nuevo partido de J.A. Kast: \u201cDetr\u00e1s de \u00e9l est\u00e1 la derecha autoritaria que sigue respetando a Pinochet\u201d"},"content":{"rendered":"<p>En conversaci\u00f3n con CNN \u00cdntimo, el abogado y Premio Nacional de Humanidades y Ciencias Sociales 2009 comparti\u00f3 su mirada sobre el panorama que enfrenta la democracia a nivel global y cu\u00e1les son sus principales obst\u00e1culos, destac\u00f3 a Jorge Sharp dentro del Frente Amplio y manifest\u00f3 su simpat\u00eda con las manifestaciones feministas del \u00faltimo a\u00f1o. \u00abYo soy un feminista, pero no me ver\u00e1s marchando porque nunca he marchado\u201d, asegur\u00f3.<\/p>\n<p>Como \u00e9l mismo dice, habita en Vi\u00f1a del Mar pero vive en Valpara\u00edso, ciudad de la que es hijo ilustre. Abogado y profesor universitario, especialista en Filosof\u00eda del Derecho, es fan\u00e1tico de la h\u00edpica. Premio Nacional de Humanidades y Ciencias Sociales. Declara que su vida estar\u00eda incompleta sin Santiago Wanderers.<\/p>\n<p>Un ateo confeso que vive apasionado por los lugares que no tienen que ver con alguna divinidad, sino que con su car\u00e1cter de renunciables: caf\u00e9s, librer\u00edas, hip\u00f3dromos, templos vac\u00edos, y bares como el Bar Ingl\u00e9s, donde lo llamaron para contarle que hab\u00eda nacido la primera de sus tres hijas.<\/p>\n<p>Su vida est\u00e1 marcada por el puerto, donde fue el rector de la Universidad de Valpara\u00edso, y donde lo llam\u00f3 el ex presidente Ricardo Lagos para pedirle que fuera su asesor cultural durante el gobierno.<\/p>\n<p>En conversaci\u00f3n con CNN \u00cdntimo, Agust\u00edn Squella, comparti\u00f3 las reflexiones de su \u00faltimo libro \u201cDemocracia. \u00bfCrisis, decadencia o colapso?\u201d, en el que precisamente ahonda en el panorama sociopol\u00edtico actual, desde su perspectiva de intelectual que se ha dedicado a pensar la sociedad, el derecho y la organizaci\u00f3n pol\u00edtica.<\/p>\n<p>Con respecto al escenario que enfrenta la democracia por estos d\u00edas, afirm\u00f3 que \u201cno se trata ya de una simple crisis, pensando a nivel planetario. Es algo m\u00e1s que una crisis. Ojal\u00e1 no sea decadencia, ojal\u00e1 no sea colapso. Est\u00e1bamos acostumbrados a creer que la democracia hab\u00eda ganado el partido entre las formas de gobierno. S\u00ed, lo ha ganado, no hay reemplazo para la democracia, pero no lo ha ganado en cuanto a la calidad\u201d.<\/p>\n<p>El abogado mencion\u00f3 como ejemplo el ranking realizado en 2018 por The Economist que determin\u00f3 que s\u00f3lo 19 pa\u00edses tiene hoy democracias plenas o en forma, mientras en 57 pa\u00edses fue catalogado como \u201cdefectuoso\u201d -entre los que se encuentra Chile-, 33 posee reg\u00edmenes h\u00edbridos (una mezcla entre democracia y autoritarismo), y en 57 estos son autoritarios.<\/p>\n<p>\u201cEntonces no est\u00e1n soplando buenos vientos para la democracia. Si nos acordamos de la canci\u00f3n de Myriam Hern\u00e1ndez: huele a peligro\u201c, afirm\u00f3.<\/p>\n<p>Entre las razones de la crisis de la democracia, Squella se\u00f1ala que este sistema de organizaci\u00f3n \u201ca veces hace promesas que no puede cumplir\u201d. \u201cPor ejemplo, hay pol\u00edticos democr\u00e1ticos que afirman con liviandad que est\u00e1n en la pol\u00edtica para hacer m\u00e1s felices a los pueblos. Ciertamente la pol\u00edtica no se hace para hacer m\u00e1s felices a los pueblos. Los gobiernos, los parlamentos a duras penas consiguen proveer bienestar a las personas y desarrollo a los pa\u00edses. Para qu\u00e9 van a echar sobre sus hombres la carga de la felicidad\u201d, coment\u00f3.<\/p>\n<p>El intelectual adem\u00e1s explic\u00f3 que otro de los factores que explica la disconformidad de la ciudadan\u00eda con este sistema pol\u00edtico es su alianza con el capitalismo, y asegur\u00f3 que \u201cmuchas veces la democracia tiene que poner la cara por fallas que en realidad vienen del r\u00e9gimen econ\u00f3mico. Entonces los pol\u00edticos, siempre mal evaluados -y con raz\u00f3n-, son los que dan la cara pero los economistas pasan piola\u201c.<\/p>\n<p>Squella asegur\u00f3 que \u201cel sistema econ\u00f3mico imperante, con ese refuerzo neoliberal, ha exacerbado el individualismo\u201d en las sociedades capitalistas actuales, lo que se refleja, por ejemplo, en que se \u201chan valorado en exceso las relaciones de intercambio, y nos hemos ido olvidando de los v\u00ednculos de colaboraci\u00f3n, ni qu\u00e9 decir de las de solidaridad, exacerbando las relaciones de competencia, asust\u00e1ndonos de las relaciones de desacuerdo\u201d.<\/p>\n<p><strong>La aparici\u00f3n del Partido Republicano de Kast<\/strong><\/p>\n<p>Para el acad\u00e9mico, la crisis de las instituciones es \u201cla gran amenaza que se cierne hoy sobre la democracia en Chile y el mundo\u201d. Sin embargo, no se muestra alarmista con respecto esc\u00e1ndalos por el cruce entre dinero y pol\u00edtica que han enfrentado instituciones como Carabineros, Fuerzas Armadas, y el Congreso, o irregularidades dentro de la Contralor\u00eda General.<\/p>\n<p>\u201cLo que pasa es que en Chile nos solemos contar muchos cuentos: que somos los ingleses de Am\u00e9rica del Sur, los jaguares, el cuento de que hab\u00edamos recuperado la democracia en 1990. Cuando en realidad lo que recuperamos entonces fue una democracia groseramente limitada, protegida, inaceptable, que elev\u00f3 a Augusto Pinochet, y que reci\u00e9n en 2005, con las reformas constitucionales de Lagos, adquiri\u00f3 cierto status m\u00e1s presentable, pero sigue figurando no entre las democracias defectuosas\u201d, explic\u00f3.<\/p>\n<p>\u201cLa corrupci\u00f3n es una gran amenaza, sobre todo cuando de pronto se al\u00eda con el narcotr\u00e1fico. Yo a este segundo problema tambi\u00e9n le dar\u00eda much\u00edsima importancia\u201d, agreg\u00f3.<\/p>\n<p>Sobre este \u00faltimo problema, Squella explic\u00f3 que nace a ra\u00edz \u201cde las profundas desigualdades en las condiciones materiales de existencia de los chilenos, porque los narcotraficantes no s\u00f3lo captan consumidores sino tambi\u00e9n \u2019empleados\u2019, precisamente en los barrios donde las condiciones de existencia de las personas son muy malas, son precarias, son vulnerables a cualquier est\u00edmulo econ\u00f3mico\u201d.<\/p>\n<p>Uno de los acontecimientos que marc\u00f3 la pauta pol\u00edtica durante esta semana fue que el ex candidato presidencial, Jos\u00e9 Antonio Kast, inscribi\u00f3 el Partido Republicano ante el Servel, y de este modo inici\u00f3 los tr\u00e1mites para convertirlo en un partido de forma oficial, lo que gener\u00f3 reacciones diversas al interior del oficialismo, tanto con respecto a si debiera a unirse a Chile Vamos y c\u00f3mo va a afectar al conglomerado.<\/p>\n<p>Squella considera el escenario como una buena noticia en el sentido de que \u201csincera que, tras ese pol\u00edtico, hay una parte importante de la derecha no liberal de Chile, de la derecha autoritaria, que sigue so\u00f1ando y respetando la dictadura de Pinochet, para quien Pinochet no ha dejado de ser nunca su l\u00edder natural. Hay una parte importante de nuestra derecha que piensa as\u00ed y creo que la fundaci\u00f3n del partido de Kast tiene la virtud, por decirlo as\u00ed, de que sincera ese sector pol\u00edtico\u201d.<\/p>\n<p>\u201cLo que a m\u00ed me irrita un poco del nuevo partido es que se haya apropiado de la palabra \u2018rep\u00fablica&#8217;\u201d, agreg\u00f3, y explic\u00f3 que durante el \u00faltimo tiempo dicho concepto se ha reducido a \u201ccuestiones protocolares cuando, en verdad, la Rep\u00fablica es aquella donde los gobernantes y ciudadanos trabajan para el bien com\u00fan, el bien colectivo, el de todos, no el de los pocos, y ni siquiera para el bien de la mayor\u00eda\u201d.<\/p>\n<p>Por eso, se\u00f1al\u00f3 que la organizaci\u00f3n bajo esta forma del Estado \u201cexige ciudadanos virtuosos que defiendan su individualidad pero no incurran en ese individualismo posesivo que caracteriza a nuestros d\u00edas\u201d. \u201cLa defensa de la individualidad, el no dejarse avasallar por las opiniones mayoritarias, no tiene nada que ver con el individualismo posesivo, ego\u00edsta de nuestros d\u00edas en que todos act\u00faan como si los dem\u00e1s no importaran\u201d, continu\u00f3.<\/p>\n<p>Por el otro lado, el abogado adem\u00e1s analiz\u00f3 el panorama que enfrenta la izquierda nacional, donde afirm\u00f3 que \u201cha ocurrido un fen\u00f3meno previsible\u201d, que consiste en que \u201cse renov\u00f3 a trav\u00e9s del Frente Amplio por grupos, movimientos y partidos m\u00e1s a la izquierda de lo que era la izquierda de la Nueva Mayor\u00eda y la Concertaci\u00f3n\u201c.<\/p>\n<p>Entre las figuras que destac\u00f3 dentro del conglomerado se encuentra precisamente Jorge Sharp, el alcalde de su ciudad natal, Valpara\u00edso, de quien se\u00f1al\u00f3 que \u201clo ha visto bien\u201d y que, pese a que no lo conoce personalmente, asegur\u00f3 que \u201ctiene que tener su oportunidad\u201d. \u201cValpara\u00edso durante mucho tiempo tuvo alcaldes de la Concertaci\u00f3n y tambi\u00e9n de la UDI. Hay que darle su oportunidad\u201d, dijo.<\/p>\n<p>\u201cYo soy un feminista, pero no me ver\u00e1s marchando porque nunca he marchado\u201d<br \/>\nA fines de febrero pasado se hizo p\u00fablica una carta escrita por Agust\u00edn Squella, y dirigida al presidente Sebasti\u00e1n Pi\u00f1era, en la que agradec\u00eda pero declinaba a su nominaci\u00f3n como abogado integrante de la Corte de Apelaciones de Valpara\u00edso.<\/p>\n<p>Pese a que fue un episodio comentado en los medios, el abogado asegur\u00f3 que \u201ctuvo much\u00edsima menos importancia que la que se le dio\u201d, y reiter\u00f3 que lo que sucedi\u00f3 realmente es que desde la Corte Suprema puso su nombra en la terna de postulantes sin consultarle si ten\u00eda inter\u00e9s en participar.<\/p>\n<p>\u201cNo fue una raz\u00f3n pol\u00edtica, sino que a la edad que tengo no estoy en condiciones ya de desempe\u00f1arme como abogado integrante. Mi tiempo actual lo dedico a unas pocas clases y a mis dos vicios incontinentes: leer interminablemente, escribir interminablemente, y quiz\u00e1s lo peor, publicar lo que escribo\u201d, relat\u00f3 entre risas.<\/p>\n<p>Consultado sobre su opini\u00f3n con respecto al segundo mandato del Presidente, Squella afirm\u00f3 que le parece \u201cmejor que el primero\u201d. \u201cNo es un pol\u00edtico que a m\u00ed desde luego me represente en las ideas, tampoco en cuanto al temperamento o la manera de ser, pero considero que en este gobierno ha tenido algunas iniciativas bien rescatables, yo creo que inesperadas para su sector, y de ah\u00ed los reclamos de que estar\u00eda traicionando las ideas de la derecha, como la propiedad y el orden. Pero yo no veo que este gobierno haya afectado ninguno de los dos, al contrario\u201c, dijo.<\/p>\n<p>El movimiento feminista y las manifestaciones contra problem\u00e1ticas como la violencia de g\u00e9nero, agresiones sexuales y desigualdad en \u00e1mbitos como la pol\u00edtica, trabajo o estudios, sin duda se ha convertido en una de las corrientes sociales m\u00e1s llamativas del \u00faltimo tiempo.<\/p>\n<p>Squella tambi\u00e9n tiene su posici\u00f3n al respecto: \u201cMe he ido convirtiendo en un feminista y en alguien que trata de entender lo m\u00e1s posible este fen\u00f3meno, que es un fen\u00f3meno de deliberaci\u00f3n\u201c. \u201cS\u00ed, yo soy un feminista, pero no me ver\u00e1s marchando por las calles porque nunca he marchado\u201d, agreg\u00f3.<\/p>\n<p>En la misma l\u00ednea, cont\u00f3 que su relaci\u00f3n con sus hijas tambi\u00e9n lo ha ayudado \u201ca comprender las dificultades mayores que las mujeres tienen hasta hoy para que la igualdad de derechos sea una realidad\u201d.<\/p>\n<p>\u201cBien por ellas, mal por aquellos que se resisten a aprobar la causa de las mujeres solo porque algunas de las manifestaciones p\u00fablicas no le gustaron. Hay que pasar por encima de eso\u201d, cerr\u00f3.<\/p>\n","protected":false},"excerpt":{"rendered":"<p>En conversaci\u00f3n con CNN \u00cdntimo, el abogado y Premio Nacional de Humanidades y Ciencias Sociales 2009 comparti\u00f3 su mirada sobre el panorama que enfrenta la democracia a nivel global y cu\u00e1les son sus principales obst\u00e1culos, destac\u00f3 a Jorge Sharp dentro del Frente Amplio y manifest\u00f3 su simpat\u00eda con las manifestaciones feministas del \u00faltimo a\u00f1o. \u00abYo [&hellip;]<\/p>\n","protected":false},"author":1,"featured_media":5633,"comment_status":"closed","ping_status":"closed","sticky":false,"template":"","format":"standard","meta":{"footnotes":""},"categories":[7,16,2,13],"tags":[],"class_list":["post-5632","post","type-post","status-publish","format-standard","has-post-thumbnail","hentry","category-noticias-liberales","category-internet","category-portada","category-voces"],"_links":{"self":[{"href":"https:\/\/ciudadliberal.cl\/index.php?rest_route=\/wp\/v2\/posts\/5632","targetHints":{"allow":["GET"]}}],"collection":[{"href":"https:\/\/ciudadliberal.cl\/index.php?rest_route=\/wp\/v2\/posts"}],"about":[{"href":"https:\/\/ciudadliberal.cl\/index.php?rest_route=\/wp\/v2\/types\/post"}],"author":[{"embeddable":true,"href":"https:\/\/ciudadliberal.cl\/index.php?rest_route=\/wp\/v2\/users\/1"}],"replies":[{"embeddable":true,"href":"https:\/\/ciudadliberal.cl\/index.php?rest_route=%2Fwp%2Fv2%2Fcomments&post=5632"}],"version-history":[{"count":1,"href":"https:\/\/ciudadliberal.cl\/index.php?rest_route=\/wp\/v2\/posts\/5632\/revisions"}],"predecessor-version":[{"id":5634,"href":"https:\/\/ciudadliberal.cl\/index.php?rest_route=\/wp\/v2\/posts\/5632\/revisions\/5634"}],"wp:featuredmedia":[{"embeddable":true,"href":"https:\/\/ciudadliberal.cl\/index.php?rest_route=\/wp\/v2\/media\/5633"}],"wp:attachment":[{"href":"https:\/\/ciudadliberal.cl\/index.php?rest_route=%2Fwp%2Fv2%2Fmedia&parent=5632"}],"wp:term":[{"taxonomy":"category","embeddable":true,"href":"https:\/\/ciudadliberal.cl\/index.php?rest_route=%2Fwp%2Fv2%2Fcategories&post=5632"},{"taxonomy":"post_tag","embeddable":true,"href":"https:\/\/ciudadliberal.cl\/index.php?rest_route=%2Fwp%2Fv2%2Ftags&post=5632"}],"curies":[{"name":"wp","href":"https:\/\/api.w.org\/{rel}","templated":true}]}}