{"id":5509,"date":"2019-06-01T13:39:41","date_gmt":"2019-06-01T17:39:41","guid":{"rendered":"https:\/\/ciudadliberal.cl\/?p=5509"},"modified":"2019-06-01T13:39:41","modified_gmt":"2019-06-01T17:39:41","slug":"evopoli-se-suma-a-idea-de-rebajar-la-dieta-parlamentaria","status":"publish","type":"post","link":"https:\/\/ciudadliberal.cl\/?p=5509","title":{"rendered":"Ev\u00f3poli se suma a idea de rebajar la dieta parlamentaria"},"content":{"rendered":"<p>Partido propone una \u201creforma integral\u201d, que incluye l\u00edmite a reelecci\u00f3n y eliminaci\u00f3n del pago de vi\u00e1ticos, entre otros puntos.<\/p>\n<p>48 horas antes de la cuenta p\u00fablica que este s\u00e1bado realizar\u00e1 el Presidente Sebasti\u00e1n Pi\u00f1era, diputados del Frente Amplio iniciaron una campa\u00f1a por redes sociales pidiendo que el Ejecutivo ponga urgencia al proyecto que Gabriel Boric y Giorgio Jackson presentaron hace cinco a\u00f1os, y que busca rebajar la dieta parlamentaria.<\/p>\n<p>Y hoy es un partido oficialista el que se suma a esa petici\u00f3n. Se trata de Ev\u00f3poli, colectividad que redact\u00f3 un documento -al que accedi\u00f3 La Tercera\u2013 para proponer al gobierno una \u201creforma integral\u201d a la pol\u00edtica, que incorpora, adem\u00e1s de la disminuci\u00f3n de la dieta, otras tres medidas: l\u00edmite a la reelecci\u00f3n de diputados, senadores, alcaldes y concejales; disminuci\u00f3n del n\u00famero de parlamentarios; y poner fin a los vi\u00e1ticos que reciben los legisladores.<\/p>\n<p>Seg\u00fan explic\u00f3 el jefe de bancada de Ev\u00f3poli, Luciano Cruz-Coke, la raz\u00f3n de esta propuesta radica en que \u201cel sistema pol\u00edtico debe perfeccionarse a tono con lo que la ciudadan\u00eda espera de sus autoridades\u201d. Esto implica, en palabras del diputado, \u201cterminar con las estad\u00edas de 30 a\u00f1os (en cargos p\u00fablicos), las bancadas del 1%, los vi\u00e1ticos por ir a trabajar, los sueldos de autoridades nacionales por sobre la media europea y el alto n\u00famero de esca\u00f1os en el Parlamento. Es algo que la ciudadan\u00eda valora y debemos dar este paso\u201d.<\/p>\n<p>Respecto de la dieta parlamentaria, el escrito expone que, actualmente, \u201cel costo de mantenci\u00f3n de todos los parlamentarios corresponde a m\u00e1s de 21 mil millones de pesos\u201d. Esto, \u201csin considerar los gastos por asignaciones parlamentarias que, por supuesto, contribuyen a abultar dichas cifras\u201d.<\/p>\n<p>Se argumenta, adem\u00e1s, que \u201cla dieta bruta de un diputado o de un senador es casi 34 veces un sueldo m\u00ednimo\u201d; y, en el caso de los miembros de la C\u00e1mara, su sueldo bruto constituye el m\u00e1s alto en comparaci\u00f3n a los dem\u00e1s pa\u00edses de la OCDE.<\/p>\n<p>En este sentido, el senador de Ev\u00f3poli Felipe Kast plantea que \u201cel debate sobre la dieta parlamentaria es una oportunidad para realizar una reforma integral que permita modernizar el Congreso y, de esta forma, asumir un compromiso de austeridad con los recursos p\u00fablicos\u201d.<\/p>\n<p>En cuanto a la composici\u00f3n del Congreso, la propuesta de Ev\u00f3poli es mantener el sistema proporcional, pero disminuir a 120 los diputados y 40 los senadores. Adem\u00e1s, con la intenci\u00f3n de evitar legisladores electos con muy baja votaci\u00f3n, el documento cita dos proyectos presentados por la bancada del partido en conjunto con sus pares PPD. Con tales iniciativas -se\u00f1ala el escrito-, \u201cproponemos m\u00ednimos para ser arrastrados, lo que podr\u00eda consistir indistintamente en tener un porcentaje de 3% m\u00ednimo para ser electo, o bien, la eliminaci\u00f3n de la segunda cifra repartidora, lo que har\u00eda que los candidatos m\u00e1s votados de cada lista sean los electos\u201d. Algo que -plantean- \u201cno desvirt\u00faa la l\u00f3gica del sistema electoral y, al mismo tiempo, lo dotan de una mayor legitimidad\u201d.<\/p>\n<p>En lo que se refiere a los vi\u00e1ticos, la propuesta busca acelerar la tramitaci\u00f3n de un proyecto presentado por Kast el a\u00f1o pasado y que autorizar\u00eda a cada C\u00e1mara al pago directo de pasajes y el alojamiento, \u201celiminando el vi\u00e1tico que se entrega en forma de subsidio\u201d.<\/p>\n<p>Fuente: <a href=\"https:\/\/www.latercera.com\/politica\/noticia\/evopoli-se-suma-idea-rebajar-la-dieta-parlamentaria\/680337\/\">La Tercera<\/a><\/p>\n","protected":false},"excerpt":{"rendered":"<p>Partido propone una \u201creforma integral\u201d, que incluye l\u00edmite a reelecci\u00f3n y eliminaci\u00f3n del pago de vi\u00e1ticos, entre otros puntos. 48 horas antes de la cuenta p\u00fablica que este s\u00e1bado realizar\u00e1 el Presidente Sebasti\u00e1n Pi\u00f1era, diputados del Frente Amplio iniciaron una campa\u00f1a por redes sociales pidiendo que el Ejecutivo ponga urgencia al proyecto que Gabriel Boric [&hellip;]<\/p>\n","protected":false},"author":1,"featured_media":5510,"comment_status":"closed","ping_status":"closed","sticky":false,"template":"","format":"standard","meta":{"footnotes":""},"categories":[16,2],"tags":[],"class_list":["post-5509","post","type-post","status-publish","format-standard","has-post-thumbnail","hentry","category-internet","category-portada"],"_links":{"self":[{"href":"https:\/\/ciudadliberal.cl\/index.php?rest_route=\/wp\/v2\/posts\/5509","targetHints":{"allow":["GET"]}}],"collection":[{"href":"https:\/\/ciudadliberal.cl\/index.php?rest_route=\/wp\/v2\/posts"}],"about":[{"href":"https:\/\/ciudadliberal.cl\/index.php?rest_route=\/wp\/v2\/types\/post"}],"author":[{"embeddable":true,"href":"https:\/\/ciudadliberal.cl\/index.php?rest_route=\/wp\/v2\/users\/1"}],"replies":[{"embeddable":true,"href":"https:\/\/ciudadliberal.cl\/index.php?rest_route=%2Fwp%2Fv2%2Fcomments&post=5509"}],"version-history":[{"count":1,"href":"https:\/\/ciudadliberal.cl\/index.php?rest_route=\/wp\/v2\/posts\/5509\/revisions"}],"predecessor-version":[{"id":5511,"href":"https:\/\/ciudadliberal.cl\/index.php?rest_route=\/wp\/v2\/posts\/5509\/revisions\/5511"}],"wp:featuredmedia":[{"embeddable":true,"href":"https:\/\/ciudadliberal.cl\/index.php?rest_route=\/wp\/v2\/media\/5510"}],"wp:attachment":[{"href":"https:\/\/ciudadliberal.cl\/index.php?rest_route=%2Fwp%2Fv2%2Fmedia&parent=5509"}],"wp:term":[{"taxonomy":"category","embeddable":true,"href":"https:\/\/ciudadliberal.cl\/index.php?rest_route=%2Fwp%2Fv2%2Fcategories&post=5509"},{"taxonomy":"post_tag","embeddable":true,"href":"https:\/\/ciudadliberal.cl\/index.php?rest_route=%2Fwp%2Fv2%2Ftags&post=5509"}],"curies":[{"name":"wp","href":"https:\/\/api.w.org\/{rel}","templated":true}]}}