{"id":5466,"date":"2019-05-25T12:39:07","date_gmt":"2019-05-25T16:39:07","guid":{"rendered":"https:\/\/ciudadliberal.cl\/?p=5466"},"modified":"2019-05-25T12:39:07","modified_gmt":"2019-05-25T16:39:07","slug":"con-exito-se-desarrollo-segunda-jornada-de-ciclo-dialogos-con-la-juventud","status":"publish","type":"post","link":"https:\/\/ciudadliberal.cl\/?p=5466","title":{"rendered":"Con \u00e9xito se desarroll\u00f3 segunda jornada de ciclo \u201cDi\u00e1logos con la Juventud\u201d"},"content":{"rendered":"<p>El encuentro, encabezado por el Segundo Vicepresidente de la C\u00e1mara de Diputados, Pepe Auth, se enmarca en el rol c\u00edvico y democr\u00e1tico que debe asumir la Corporaci\u00f3n.<\/p>\n<p>Con el objeto de relevar la importancia de la democracia y la participaci\u00f3n juvenil, el Segundo Vicepresidente de la C\u00e1mara de Diputados, Pepe Auth (IND), encabez\u00f3 una nueva jornada del ciclo de charlas \u201cDi\u00e1logos con la Juventud\u201d.<\/p>\n<p>La actividad, que se desarroll\u00f3 en la sala de sesiones del edificio del Congreso Nacional, en Santiago, cont\u00f3 con la presencia de alumnos de primer a\u00f1o medio del colegio Luis G\u00f3mez Catal\u00e1n de la comuna de Estaci\u00f3n Central.<\/p>\n<p>Seg\u00fan explic\u00f3 el Vicepresidente Pepe Auth (IND), la idea es recibir en el Parlamento a los j\u00f3venes que comienzan a vincularse con la vida pol\u00edtica y exponerles in situ, la importancia de la democracia.<\/p>\n<p>En la ocasi\u00f3n, el parlamentario destac\u00f3 el inter\u00e9s de los adolescentes por la vida pol\u00edtica de nuestro pa\u00eds, m\u00e1s all\u00e1 de lo que pudiera pensarse sobre la relaci\u00f3n entre los j\u00f3venes y la pol\u00edtica.<\/p>\n<p>\u201cUno creer\u00eda, por lo que le dicen, que los j\u00f3venes no est\u00e1n ni ah\u00ed, que no les interesa la pol\u00edtica, que la democracia no los conmueve, en fin&#8230;, pero hay que ver c\u00f3mo participan, c\u00f3mo hacen preguntas pertinentes, c\u00f3mo manifiestan sus inquietudes\u201d, precis\u00f3.<\/p>\n<p>En esa l\u00ednea, Marina Ceballos, alumna de primer a\u00f1o medio, se mostr\u00f3 muy satisfecha con este encuentro que calific\u00f3 como sorpresivo desde el punto de vista de la participaci\u00f3n e interacci\u00f3n juvenil, al tiempo que expres\u00f3 su inter\u00e9s de \u201cpoder volver para que me ense\u00f1en m\u00e1s\u201d.<\/p>\n<p>El ciclo \u201cDi\u00e1logos con la Juventud\u201d se enmarca en el rol c\u00edvico y democr\u00e1tico que debe asumir la C\u00e1mara y contar\u00e1 pr\u00f3ximamente con la participaci\u00f3n de m\u00e1s diputadas y diputados.<\/p>\n<p>Fuente: <a href=\"https:\/\/www.camara.cl\/prensa\/noticias_detalle.aspx?prmid=136968\">C\u00e1mara de Diputados<\/a><\/p>\n","protected":false},"excerpt":{"rendered":"<p>El encuentro, encabezado por el Segundo Vicepresidente de la C\u00e1mara de Diputados, Pepe Auth, se enmarca en el rol c\u00edvico y democr\u00e1tico que debe asumir la Corporaci\u00f3n. Con el objeto de relevar la importancia de la democracia y la participaci\u00f3n juvenil, el Segundo Vicepresidente de la C\u00e1mara de Diputados, Pepe Auth (IND), encabez\u00f3 una nueva [&hellip;]<\/p>\n","protected":false},"author":1,"featured_media":5349,"comment_status":"closed","ping_status":"closed","sticky":false,"template":"","format":"standard","meta":{"footnotes":""},"categories":[16,2],"tags":[],"class_list":["post-5466","post","type-post","status-publish","format-standard","has-post-thumbnail","hentry","category-internet","category-portada"],"_links":{"self":[{"href":"https:\/\/ciudadliberal.cl\/index.php?rest_route=\/wp\/v2\/posts\/5466","targetHints":{"allow":["GET"]}}],"collection":[{"href":"https:\/\/ciudadliberal.cl\/index.php?rest_route=\/wp\/v2\/posts"}],"about":[{"href":"https:\/\/ciudadliberal.cl\/index.php?rest_route=\/wp\/v2\/types\/post"}],"author":[{"embeddable":true,"href":"https:\/\/ciudadliberal.cl\/index.php?rest_route=\/wp\/v2\/users\/1"}],"replies":[{"embeddable":true,"href":"https:\/\/ciudadliberal.cl\/index.php?rest_route=%2Fwp%2Fv2%2Fcomments&post=5466"}],"version-history":[{"count":1,"href":"https:\/\/ciudadliberal.cl\/index.php?rest_route=\/wp\/v2\/posts\/5466\/revisions"}],"predecessor-version":[{"id":5467,"href":"https:\/\/ciudadliberal.cl\/index.php?rest_route=\/wp\/v2\/posts\/5466\/revisions\/5467"}],"wp:featuredmedia":[{"embeddable":true,"href":"https:\/\/ciudadliberal.cl\/index.php?rest_route=\/wp\/v2\/media\/5349"}],"wp:attachment":[{"href":"https:\/\/ciudadliberal.cl\/index.php?rest_route=%2Fwp%2Fv2%2Fmedia&parent=5466"}],"wp:term":[{"taxonomy":"category","embeddable":true,"href":"https:\/\/ciudadliberal.cl\/index.php?rest_route=%2Fwp%2Fv2%2Fcategories&post=5466"},{"taxonomy":"post_tag","embeddable":true,"href":"https:\/\/ciudadliberal.cl\/index.php?rest_route=%2Fwp%2Fv2%2Ftags&post=5466"}],"curies":[{"name":"wp","href":"https:\/\/api.w.org\/{rel}","templated":true}]}}