{"id":5264,"date":"2019-04-18T21:44:53","date_gmt":"2019-04-19T01:44:53","guid":{"rendered":"https:\/\/ciudadliberal.cl\/?p=5264"},"modified":"2019-04-18T21:44:53","modified_gmt":"2019-04-19T01:44:53","slug":"que-es-un-gobierno-feminista-canada-y-trudeau-lo-debaten","status":"publish","type":"post","link":"https:\/\/ciudadliberal.cl\/?p=5264","title":{"rendered":"\u00bfQu\u00e9 es un gobierno feminista? Canad\u00e1 y Trudeau lo debaten"},"content":{"rendered":"<p>OTTAWA \u2014 Era el tipo de p\u00fablico perfecto para armonizar con el primer ministro de Canad\u00e1, Justin Trudeau: m\u00e1s de trescientas mujeres j\u00f3venes que participaban en uno de los d\u00edas de involucramiento c\u00edvico con Daughters of the Vote (Hijas del Voto) en el parlamento. Pero apenas hab\u00eda empezado a hablar, varias decenas de mujeres se levantaron y en forma histri\u00f3nica le dieron la espalda.<\/p>\n<p>\u00abRespete la integridad de las mujeres y los dirigentes ind\u00edgenas en la pol\u00edtica\u00bb, public\u00f3 una de las participantes, Deanna Allain, a principios de este mes en un tuit dirigido a Trudeau. \u00abEsfu\u00e9rcese m\u00e1s\u00bb.<\/p>\n<p>Por mucho que lo intente, parece que Trudeau no puede trascender la controversia que ha incomodado a la mayor\u00eda en Canad\u00e1 desde febrero, cuando la primera fiscala general ind\u00edgena de ese pa\u00eds, Jody Wilson-Raybould, renunci\u00f3 despu\u00e9s de acusar al despacho del primer ministro de presionarla de forma indebida para considerar una sanci\u00f3n civil en vez de una penal a una compa\u00f1\u00eda acusada de corrupci\u00f3n.<\/p>\n<p>Este episodio ha propiciado un debate en Canad\u00e1 sobre el Estado de derecho, las exigencias de la lealtad partidista y el papel de las mujeres, los pueblos ind\u00edgenas y el feminismo en la vida pol\u00edtica.<\/p>\n<p>Tambi\u00e9n ha hecho que Trudeau, cuyo gabinete intencionalmente tiene la misma cantidad de hombres que de mujeres, en repetidas ocasiones se empe\u00f1e en defender sus logros feministas.<\/p>\n<p>Existen cuestiones de fondo sobre lo que significa dirigir un pa\u00eds de acuerdo con principios feministas. Muy pocos lugares se han aventurado a emprender algo as\u00ed \u2014en 2014, Suecia se proclam\u00f3 como el primer gobierno feminista del mundo y unos cuantos pa\u00edses han formado gabinetes que constan de al menos un 50 por ciento de mujeres\u2014, as\u00ed que la experiencia de Canad\u00e1 es una especie de experimento en curso.<\/p>\n<p>Trudeau ha cumplido su promesa, hace poco declar\u00f3 Chrystia Freeland, ministra de Relaciones Exteriores, en una entrevista al reivindicar pol\u00edticas feministas dentro y fuera del pa\u00eds.<\/p>\n<p>Entre ellas est\u00e1n destinar miles de millones de d\u00f3lares a un programa que otorgue dinero a las familias que tienen hijos menores de 18 a\u00f1os y promover los derechos sexuales y reproductivos fuera del pa\u00eds.<\/p>\n<p>Sin embargo, \u00bfc\u00f3mo deber\u00eda funcionar un gobierno feminista? \u00bfC\u00f3mo cambia la din\u00e1mica de un gabinete integrado en un 50 por ciento por mujeres? \u00bfLas negociaciones deben ser diferentes cuando uno o los dos participantes son mujeres? \u00bfEl g\u00e9nero importa en las conversaciones o los debates r\u00edspidos del parlamento?<\/p>\n<p>Debido a que su gobierno est\u00e1 rezagado en las encuestas ahora que Canad\u00e1 se prepara para las elecciones nacionales en el oto\u00f1o, Trudeau ha sido atacado tanto por parte de la derecha como de la izquierda; la oposici\u00f3n ha creado la etiqueta #FakeFeminist (falso feminista) en Twitter como un arma en su contra.<\/p>\n<p>\u00abSi este primer ministro es tan feminista, \u00bfpor qu\u00e9 est\u00e1 amordazando a la exfiscala general?\u00bb, provoc\u00f3 Michelle Rempel, una integrante conservadora del parlamento, a Trudeau en un debate reciente. En ese mismo debate, su compa\u00f1era conservadora Candice Bergen se burl\u00f3 del primer ministro llam\u00e1ndolo hip\u00f3crita y luego acus\u00f3 a los liberales de \u00abgritarle\u00bb cuando hac\u00eda sus comentarios.<\/p>\n<p>En este ensordecedor juego de ellos dijeron y los otros dijeron, el resto del pa\u00eds est\u00e1 intentando entender qu\u00e9 es la pol\u00edtica y qu\u00e9 es la realidad objetiva.<\/p>\n<p>\u00abTodos estamos viendo una imagen de Rorschach y d\u00e1ndole diferentes interpretaciones\u00bb, coment\u00f3 Elizabeth Renzetti, columnista de The Globe and Mail. \u00abPero debido a que Trudeau ha insertado sus colores con tanta diligencia en el m\u00e1stil feminista, cualquier paso que d\u00e9 fuera de esas fronteras tan estrictamente prohibidas dar\u00e1 una imagen negativa de \u00e9l\u00bb.<\/p>\n<p>La queja de Wilson-Raybould es que el despacho del primer ministro le insisti\u00f3 sin descanso para que considerara una sanci\u00f3n civil para una empresa canadiense acusada de sobornar a funcionarios libios para ganar contratos ah\u00ed. El gobierno de Trudeau se\u00f1al\u00f3 que presion\u00f3 para aplicar la sanci\u00f3n civil porque una sanci\u00f3n penal le habr\u00eda costado a la empresa los contratos gubernamentales, y habr\u00eda puesto en peligro empleos canadienses.<\/p>\n<p>Los reclamos de Wilson-Raybould son extensos, pero se han centrado en dos aspectos de este episodio: en primer lugar, que un alto asesor del primer ministro utiliz\u00f3 \u00abamenazas veladas\u00bb para poner en riesgo la integridad de su departamento, y, en segundo t\u00e9rmino, que como mujer y dirigente ind\u00edgena \u2014es una exdirigente regional de la Asamblea de las Primeras Naciones de Columbia Brit\u00e1nica\u2014 ha sido silenciada en sus intentos de anteponer la verdad al poder.<\/p>\n<p>En una declaraci\u00f3n escrita a la C\u00e1mara de los Comunes afirm\u00f3 que el trato del gobierno hacia ella hab\u00eda incluido: \u00abElementos innegables de misoginia, en su mayor parte dirigida hacia mi persona\u00bb.<\/p>\n<p>Tracey Ramsey, integrante del parlamento del Nuevo Partido Democr\u00e1tico, repiti\u00f3 las cr\u00edticas realizadas por la oposici\u00f3n de que los miembros del Partido Liberal de Trudeau hab\u00edan empleado lenguaje tendencioso para denigrar a Wilson-Raybould, quien tambi\u00e9n era la ministra de Justicia.<\/p>\n<p>\u00abEl despacho del primer ministro ha intentado convertir esto en un asunto de g\u00e9nero al etiquetar a una mujer fuerte y capaz como alguien con quien es dif\u00edcil trabajar, algo que las mujeres escuchan todo el tiempo cuando tratan de cuestionar la estructura del poder\u00bb, se\u00f1al\u00f3. \u00abLa t\u00edpica frase de que &#8216;lo vivi\u00f3 de manera diferente&#8217;. \u00bfCu\u00e1ntas veces han escuchado esto las mujeres en sus lugares de trabajo?\u00bb.<\/p>\n<p>Sin embargo, lo que algunas personas llaman machoexplicaci\u00f3n, otras \u2014incluyendo a mujeres del gabinete de Trudeau\u2014 lo llaman pol\u00edtica, simple y llanamente.<\/p>\n<p>Patty Hajdu, la ministra del Trabajo, mencion\u00f3 en una entrevista que ser ministra implicaba tener \u00abconversaciones fuertes acerca de cosas sobre las que no concordamos\u00bb.<\/p>\n<p>El problema no es de sexismo, coment\u00f3, sino de desacuerdos. \u00abEvidentemente, con dirigentes fuertes en la mesa del gabinete, no siempre estaremos de acuerdo en todo\u00bb, se\u00f1al\u00f3. \u00abHay una frase que antes me gustaba: &#8216;Agrega a las mujeres, cambia la pol\u00edtica&#8217;, pero no se reduce a eso. Desde luego, hay que agregar a las mujeres. Pero el que solo haya m\u00e1s mujeres no quiere decir que las cosas van a ser necesariamente tiernas ni habr\u00e1 una mayor disposici\u00f3n a colaborar\u00bb.<\/p>\n<p>Con el argumento de que \u00e9l es mucho mejor que la alternativa, los partidarios de Trudeau se\u00f1alan medidas como la introducci\u00f3n del an\u00e1lisis presupuestario basado en el g\u00e9nero; la promulgaci\u00f3n de una pol\u00edtica de permiso de paternidad para los segundos progenitores, y la gran inversi\u00f3n en vivienda p\u00fablica como ejemplos de programas que espec\u00edficamente benefician a las mujeres.<\/p>\n<p>\u00abDesde cualquier punto de vista objetivo (y yo lo pondr\u00eda en negritas, cursivas, subrayado y resaltado), este es, sin excepci\u00f3n alguna, el gobierno m\u00e1s feminista que haya tenido Canad\u00e1 y punto\u00bb, afirm\u00f3 Kate Bezanson, presidenta de la Facultad de Sociolog\u00eda de la Universidad Brock.<\/p>\n<p>El mismo Trudeau cree que puede reajustar.<\/p>\n<p>\u00abLas etiquetas no se definen con aquello a lo que elegimos adherirnos, sino con lo que en verdad hacemos\u00bb, se\u00f1al\u00f3 en una entrevista reciente. \u00abHay much\u00edsimas cosas m\u00e1s por hacer y no me preocupar\u00e9 demasiado por las etiquetas. Espero que la gente me juzgue por mis acciones\u00bb.<\/p>\n<p>Ian Austen colabor\u00f3 con este reportaje.<\/p>\n<p>*Copyright: c.2019 New York Times News Service<\/p>\n<p>Fuente: <a href=\"https:\/\/www.infobae.com\/america\/the-new-york-times\/2019\/04\/18\/que-es-un-gobierno-feminista-canada-y-trudeau-lo-debaten\/\">Infobae<\/a><\/p>\n","protected":false},"excerpt":{"rendered":"<p>OTTAWA \u2014 Era el tipo de p\u00fablico perfecto para armonizar con el primer ministro de Canad\u00e1, Justin Trudeau: m\u00e1s de trescientas mujeres j\u00f3venes que participaban en uno de los d\u00edas de involucramiento c\u00edvico con Daughters of the Vote (Hijas del Voto) en el parlamento. Pero apenas hab\u00eda empezado a hablar, varias decenas de mujeres se [&hellip;]<\/p>\n","protected":false},"author":1,"featured_media":2665,"comment_status":"closed","ping_status":"closed","sticky":false,"template":"","format":"standard","meta":{"footnotes":""},"categories":[14,2],"tags":[],"class_list":["post-5264","post","type-post","status-publish","format-standard","has-post-thumbnail","hentry","category-entertainment","category-portada"],"_links":{"self":[{"href":"https:\/\/ciudadliberal.cl\/index.php?rest_route=\/wp\/v2\/posts\/5264","targetHints":{"allow":["GET"]}}],"collection":[{"href":"https:\/\/ciudadliberal.cl\/index.php?rest_route=\/wp\/v2\/posts"}],"about":[{"href":"https:\/\/ciudadliberal.cl\/index.php?rest_route=\/wp\/v2\/types\/post"}],"author":[{"embeddable":true,"href":"https:\/\/ciudadliberal.cl\/index.php?rest_route=\/wp\/v2\/users\/1"}],"replies":[{"embeddable":true,"href":"https:\/\/ciudadliberal.cl\/index.php?rest_route=%2Fwp%2Fv2%2Fcomments&post=5264"}],"version-history":[{"count":1,"href":"https:\/\/ciudadliberal.cl\/index.php?rest_route=\/wp\/v2\/posts\/5264\/revisions"}],"predecessor-version":[{"id":5266,"href":"https:\/\/ciudadliberal.cl\/index.php?rest_route=\/wp\/v2\/posts\/5264\/revisions\/5266"}],"wp:featuredmedia":[{"embeddable":true,"href":"https:\/\/ciudadliberal.cl\/index.php?rest_route=\/wp\/v2\/media\/2665"}],"wp:attachment":[{"href":"https:\/\/ciudadliberal.cl\/index.php?rest_route=%2Fwp%2Fv2%2Fmedia&parent=5264"}],"wp:term":[{"taxonomy":"category","embeddable":true,"href":"https:\/\/ciudadliberal.cl\/index.php?rest_route=%2Fwp%2Fv2%2Fcategories&post=5264"},{"taxonomy":"post_tag","embeddable":true,"href":"https:\/\/ciudadliberal.cl\/index.php?rest_route=%2Fwp%2Fv2%2Ftags&post=5264"}],"curies":[{"name":"wp","href":"https:\/\/api.w.org\/{rel}","templated":true}]}}