{"id":5249,"date":"2019-04-16T14:18:03","date_gmt":"2019-04-16T18:18:03","guid":{"rendered":"https:\/\/ciudadliberal.cl\/?p=5249"},"modified":"2019-04-16T14:18:03","modified_gmt":"2019-04-16T18:18:03","slug":"oficialismo-acusa-impacto-por-bajo-apoyo-a-reforma-tributaria","status":"publish","type":"post","link":"https:\/\/ciudadliberal.cl\/?p=5249","title":{"rendered":"Oficialismo acusa impacto por bajo apoyo a reforma tributaria"},"content":{"rendered":"<p>Seg\u00fan la \u00faltima encuesta Cadem, cay\u00f3 en ocho puntos el respaldo ciudadano al proyecto, llegando a un 31%. El tema fue analizado ayer durante la reuni\u00f3n del comit\u00e9 pol\u00edtico en La Moneda.<\/p>\n<p>\u201c(Nuestro) objetivo fundamental es retomar un clima de di\u00e1logo y acuerdos para poder avanzar con las reformas fundamentales que son prioridades de la ciudadan\u00eda, como la reforma previsional, la modernizaci\u00f3n tributaria y todos los temas que preocupan a la gente\u201d, dec\u00eda a fines de marzo el ministro de la Segpres, Gonzalo Blumel.<\/p>\n<p>Sin embargo, pese a los dichos del secretario de Estado, seg\u00fan la \u00faltima encuesta Cadem, la reforma tributaria -considerada como uno de los proyectos emblem\u00e1ticos de La Moneda- solo se ubic\u00f3 como la cuarta noticia m\u00e1s destacada de la semana, por debajo de la renuncia del superintendente de Salud y la primera fotograf\u00eda de un agujero negro. Esto, en una semana que fue considerada clave para el Ejecutivo, debido a que consiguieron -con votos DC- aprobar la idea de legislar del proyecto.<\/p>\n<p>El tema fue abordado ayer durante el comit\u00e9 pol\u00edtico, generando inquietud en algunos de los presentes, quienes acusaron el impacto de que la iniciativa a\u00fan no logra calar en la opini\u00f3n p\u00fablica, pese al gran despliegue del gobierno.<\/p>\n<p>Fuente: <a href=\"https:\/\/www.latercera.com\/politica\/noticia\/oficialismo-acusa-impacto-apoyo-reforma-tributaria\/616559\/\">La Tercera<\/a><\/p>\n","protected":false},"excerpt":{"rendered":"<p>Seg\u00fan la \u00faltima encuesta Cadem, cay\u00f3 en ocho puntos el respaldo ciudadano al proyecto, llegando a un 31%. El tema fue analizado ayer durante la reuni\u00f3n del comit\u00e9 pol\u00edtico en La Moneda. \u201c(Nuestro) objetivo fundamental es retomar un clima de di\u00e1logo y acuerdos para poder avanzar con las reformas fundamentales que son prioridades de la [&hellip;]<\/p>\n","protected":false},"author":1,"featured_media":5250,"comment_status":"closed","ping_status":"closed","sticky":false,"template":"","format":"standard","meta":{"footnotes":""},"categories":[16,2],"tags":[],"class_list":["post-5249","post","type-post","status-publish","format-standard","has-post-thumbnail","hentry","category-internet","category-portada"],"_links":{"self":[{"href":"https:\/\/ciudadliberal.cl\/index.php?rest_route=\/wp\/v2\/posts\/5249","targetHints":{"allow":["GET"]}}],"collection":[{"href":"https:\/\/ciudadliberal.cl\/index.php?rest_route=\/wp\/v2\/posts"}],"about":[{"href":"https:\/\/ciudadliberal.cl\/index.php?rest_route=\/wp\/v2\/types\/post"}],"author":[{"embeddable":true,"href":"https:\/\/ciudadliberal.cl\/index.php?rest_route=\/wp\/v2\/users\/1"}],"replies":[{"embeddable":true,"href":"https:\/\/ciudadliberal.cl\/index.php?rest_route=%2Fwp%2Fv2%2Fcomments&post=5249"}],"version-history":[{"count":1,"href":"https:\/\/ciudadliberal.cl\/index.php?rest_route=\/wp\/v2\/posts\/5249\/revisions"}],"predecessor-version":[{"id":5251,"href":"https:\/\/ciudadliberal.cl\/index.php?rest_route=\/wp\/v2\/posts\/5249\/revisions\/5251"}],"wp:featuredmedia":[{"embeddable":true,"href":"https:\/\/ciudadliberal.cl\/index.php?rest_route=\/wp\/v2\/media\/5250"}],"wp:attachment":[{"href":"https:\/\/ciudadliberal.cl\/index.php?rest_route=%2Fwp%2Fv2%2Fmedia&parent=5249"}],"wp:term":[{"taxonomy":"category","embeddable":true,"href":"https:\/\/ciudadliberal.cl\/index.php?rest_route=%2Fwp%2Fv2%2Fcategories&post=5249"},{"taxonomy":"post_tag","embeddable":true,"href":"https:\/\/ciudadliberal.cl\/index.php?rest_route=%2Fwp%2Fv2%2Ftags&post=5249"}],"curies":[{"name":"wp","href":"https:\/\/api.w.org\/{rel}","templated":true}]}}