{"id":5246,"date":"2019-04-16T14:00:14","date_gmt":"2019-04-16T18:00:14","guid":{"rendered":"https:\/\/ciudadliberal.cl\/?p=5246"},"modified":"2019-04-16T14:00:14","modified_gmt":"2019-04-16T18:00:14","slug":"canada-amplia-sanciones-al-gobierno-de-nicolas-maduro","status":"publish","type":"post","link":"https:\/\/ciudadliberal.cl\/?p=5246","title":{"rendered":"Canad\u00e1 ampl\u00eda sanciones al gobierno de Nicol\u00e1s Maduro"},"content":{"rendered":"<p>Canad\u00e1 ampli\u00f3 el lunes sus sanciones contra el Gobierno del Presidente de Venezuela, Nicol\u00e1s Maduro, dijo un comunicado de la Ministra de Relaciones Exteriores Chrystia Freeland, que anunci\u00f3 penalizaciones a 43 personas m\u00e1s vinculadas al l\u00edder socialista.<\/p>\n<p>Aunque el comunicado no dio nombres, indic\u00f3 que se trata de funcionarios de alto rango del r\u00e9gimen de Maduro, Gobernadores regionales y\/o personas implicadas directamente en actividades que socavan las instituciones democr\u00e1ticas.<\/p>\n<p>Canad\u00e1 ya hab\u00eda emitido sanciones contra otras 70 personas en la naci\u00f3n sudamericana.<\/p>\n<p>Freeland asistir\u00e1 este lunes a una reuni\u00f3n en Chile de los pa\u00edses que integran el Grupo de Lima, un bloque regional que respalda al l\u00edder opositor venezolano, Juan Guaid\u00f3, como \u00abPresidente interino\u00bb hasta que puedan celebrarse elecciones.<\/p>\n<p>M\u00e1s de tres millones de venezolanos han escapado en los \u00faltimos a\u00f1os del pa\u00eds, afectado por la hiperinflaci\u00f3n, la escasez de alimentos y medicinas y una crisis pol\u00edtica.<\/p>\n<p>\u00abLa dictadura de Maduro debe ser responsabilizada por la crisis y de haber privado a los venezolanos de sus derechos y necesidades m\u00e1s b\u00e1sicos\u00bb, dijo Freeland en un comunicado.<\/p>\n<p>\u00abCanad\u00e1 est\u00e1 comprometida con el apoyo a una restauraci\u00f3n pac\u00edfica de la democracia constitucional en Venezuela\u00bb.<\/p>\n<p>Aunque la mayor\u00eda de las naciones occidentales, lideradas por Estados Unidos, han reconocido a Guaid\u00f3 como jefe de Estado interino, Rusia, China y Cuba se han mantenido junto a Maduro.<\/p>\n<p><a href=\"https:\/\/www.elmanana.com\/canada-amplia-sanciones-al-gobierno-de-nicolas-maduro-canada-venezuela-rusia-justin-trudeau\/4801757\">Fuente<\/a><\/p>\n","protected":false},"excerpt":{"rendered":"<p>Canad\u00e1 ampli\u00f3 el lunes sus sanciones contra el Gobierno del Presidente de Venezuela, Nicol\u00e1s Maduro, dijo un comunicado de la Ministra de Relaciones Exteriores Chrystia Freeland, que anunci\u00f3 penalizaciones a 43 personas m\u00e1s vinculadas al l\u00edder socialista. Aunque el comunicado no dio nombres, indic\u00f3 que se trata de funcionarios de alto rango del r\u00e9gimen de [&hellip;]<\/p>\n","protected":false},"author":1,"featured_media":5247,"comment_status":"closed","ping_status":"closed","sticky":false,"template":"","format":"standard","meta":{"footnotes":""},"categories":[14,2],"tags":[],"class_list":["post-5246","post","type-post","status-publish","format-standard","has-post-thumbnail","hentry","category-entertainment","category-portada"],"_links":{"self":[{"href":"https:\/\/ciudadliberal.cl\/index.php?rest_route=\/wp\/v2\/posts\/5246","targetHints":{"allow":["GET"]}}],"collection":[{"href":"https:\/\/ciudadliberal.cl\/index.php?rest_route=\/wp\/v2\/posts"}],"about":[{"href":"https:\/\/ciudadliberal.cl\/index.php?rest_route=\/wp\/v2\/types\/post"}],"author":[{"embeddable":true,"href":"https:\/\/ciudadliberal.cl\/index.php?rest_route=\/wp\/v2\/users\/1"}],"replies":[{"embeddable":true,"href":"https:\/\/ciudadliberal.cl\/index.php?rest_route=%2Fwp%2Fv2%2Fcomments&post=5246"}],"version-history":[{"count":1,"href":"https:\/\/ciudadliberal.cl\/index.php?rest_route=\/wp\/v2\/posts\/5246\/revisions"}],"predecessor-version":[{"id":5248,"href":"https:\/\/ciudadliberal.cl\/index.php?rest_route=\/wp\/v2\/posts\/5246\/revisions\/5248"}],"wp:featuredmedia":[{"embeddable":true,"href":"https:\/\/ciudadliberal.cl\/index.php?rest_route=\/wp\/v2\/media\/5247"}],"wp:attachment":[{"href":"https:\/\/ciudadliberal.cl\/index.php?rest_route=%2Fwp%2Fv2%2Fmedia&parent=5246"}],"wp:term":[{"taxonomy":"category","embeddable":true,"href":"https:\/\/ciudadliberal.cl\/index.php?rest_route=%2Fwp%2Fv2%2Fcategories&post=5246"},{"taxonomy":"post_tag","embeddable":true,"href":"https:\/\/ciudadliberal.cl\/index.php?rest_route=%2Fwp%2Fv2%2Ftags&post=5246"}],"curies":[{"name":"wp","href":"https:\/\/api.w.org\/{rel}","templated":true}]}}