{"id":5114,"date":"2019-03-31T15:44:31","date_gmt":"2019-03-31T19:44:31","guid":{"rendered":"https:\/\/ciudadliberal.cl\/?p=5114"},"modified":"2019-03-31T15:44:31","modified_gmt":"2019-03-31T19:44:31","slug":"macron-rechaza-reconocer-la-soberania-de-israel-sobre-los-altos-del-golan","status":"publish","type":"post","link":"https:\/\/ciudadliberal.cl\/?p=5114","title":{"rendered":"Macron rechaza reconocer la soberan\u00eda de Israel sobre los Altos del Gol\u00e1n"},"content":{"rendered":"<p>La decisi\u00f3n de Estados Unidos de reconocer la soberan\u00eda de Israel sobre los Altos del Gol\u00e1n contradice el derecho internacional y puede aumentar las tensiones en Oriente Medio, declar\u00f3 el presidente de Francia, Emmanuel Macron, seg\u00fan un comunicado del El\u00edseo.<\/p>\n<p>\u00abEl presidente de la Rep\u00fablica subray\u00f3 que el reconocimiento de la soberan\u00eda israel\u00ed sobre el Gol\u00e1n, territorio ocupado, va en contra del derecho internacional y solo puede alimentar las tensiones regionales\u00bb, dice el comunicado publicado tras una reuni\u00f3n de Macron con el rey Abdal\u00e1 II de Jordania en Par\u00eds, que tuvo lugar el viernes.<\/p>\n<p>El 25 de marzo, al reunirse con el primer ministro israel\u00ed, Benjam\u00edn Netanyahu, el presidente de EEUU, Donald Trump,\u00a0firm\u00f3 una declaraci\u00f3n en la que reconoce la soberan\u00eda de Israel sobre los Altos del Gol\u00e1n.<\/p>\n<p>Israel ocup\u00f3 los\u00a0<strong>Altos del Gol\u00e1n<\/strong>\u00a0en la guerra de 1967 y se los anexion\u00f3 mediante una ley de 1981, aunque ning\u00fan otro pa\u00eds del mundo reconoc\u00eda hasta ahora esa anexi\u00f3n.<\/p>\n<p>Los Altos del Gol\u00e1n constituyen una superficie de 1.200 kil\u00f3metros cuadrados en la que viven unos 20.000 drusos sirios y una cantidad similar de colonos jud\u00edos desplazados al Gol\u00e1n, contraviniendo las leyes internacionales.<\/p>\n<p><a href=\"https:\/\/mundo.sputniknews.com\/europa\/201903301086404732-francia-no-reconoce-altos-del-golan-israeli\/\">Fuente<\/a><\/p>\n","protected":false},"excerpt":{"rendered":"<p>La decisi\u00f3n de Estados Unidos de reconocer la soberan\u00eda de Israel sobre los Altos del Gol\u00e1n contradice el derecho internacional y puede aumentar las tensiones en Oriente Medio, declar\u00f3 el presidente de Francia, Emmanuel Macron, seg\u00fan un comunicado del El\u00edseo. \u00abEl presidente de la Rep\u00fablica subray\u00f3 que el reconocimiento de la soberan\u00eda israel\u00ed sobre el [&hellip;]<\/p>\n","protected":false},"author":1,"featured_media":5115,"comment_status":"closed","ping_status":"closed","sticky":false,"template":"","format":"standard","meta":{"footnotes":""},"categories":[14,2],"tags":[],"class_list":["post-5114","post","type-post","status-publish","format-standard","has-post-thumbnail","hentry","category-entertainment","category-portada"],"_links":{"self":[{"href":"https:\/\/ciudadliberal.cl\/index.php?rest_route=\/wp\/v2\/posts\/5114","targetHints":{"allow":["GET"]}}],"collection":[{"href":"https:\/\/ciudadliberal.cl\/index.php?rest_route=\/wp\/v2\/posts"}],"about":[{"href":"https:\/\/ciudadliberal.cl\/index.php?rest_route=\/wp\/v2\/types\/post"}],"author":[{"embeddable":true,"href":"https:\/\/ciudadliberal.cl\/index.php?rest_route=\/wp\/v2\/users\/1"}],"replies":[{"embeddable":true,"href":"https:\/\/ciudadliberal.cl\/index.php?rest_route=%2Fwp%2Fv2%2Fcomments&post=5114"}],"version-history":[{"count":1,"href":"https:\/\/ciudadliberal.cl\/index.php?rest_route=\/wp\/v2\/posts\/5114\/revisions"}],"predecessor-version":[{"id":5116,"href":"https:\/\/ciudadliberal.cl\/index.php?rest_route=\/wp\/v2\/posts\/5114\/revisions\/5116"}],"wp:featuredmedia":[{"embeddable":true,"href":"https:\/\/ciudadliberal.cl\/index.php?rest_route=\/wp\/v2\/media\/5115"}],"wp:attachment":[{"href":"https:\/\/ciudadliberal.cl\/index.php?rest_route=%2Fwp%2Fv2%2Fmedia&parent=5114"}],"wp:term":[{"taxonomy":"category","embeddable":true,"href":"https:\/\/ciudadliberal.cl\/index.php?rest_route=%2Fwp%2Fv2%2Fcategories&post=5114"},{"taxonomy":"post_tag","embeddable":true,"href":"https:\/\/ciudadliberal.cl\/index.php?rest_route=%2Fwp%2Fv2%2Ftags&post=5114"}],"curies":[{"name":"wp","href":"https:\/\/api.w.org\/{rel}","templated":true}]}}