{"id":5108,"date":"2019-03-31T14:34:11","date_gmt":"2019-03-31T18:34:11","guid":{"rendered":"https:\/\/ciudadliberal.cl\/?p=5108"},"modified":"2019-03-31T14:34:11","modified_gmt":"2019-03-31T18:34:11","slug":"liberalismo-progresista-la-apuesta-de-vazquez-en-asturias","status":"publish","type":"post","link":"https:\/\/ciudadliberal.cl\/?p=5108","title":{"rendered":"\u00abLiberalismo progresista\u00bb, la apuesta de V\u00e1zquez en Asturias"},"content":{"rendered":"<p>El candidato de Cs al Principado, elogiado por Rivera, subraya su idea de \u00abun relato compartido\u00bb que huya del \u00abfrentismo\u00bb<\/p>\n<p>\u00abUn presidente auton\u00f3mico tiene que ser una persona preparada, con capacidad de di\u00e1logo y consenso, moderada, y leal con Espa\u00f1a. Juan V\u00e1zquez tiene todas esas caracter\u00edsticas. Asturias se merece un presidente como \u00e9l. Asturias es moderaci\u00f3n, tiene que ser tierra de pactos\u00bb. Albert Rivera no escatim\u00f3 ayer en elogios hacia la apuesta de su partido para presidir el Principado: el exrector Juan V\u00e1zquez.<\/p>\n<p>El economista fue el encargado de introducir a Rivera en el desayuno informativo de ayer en Oviedo. \u00abAlbert Rivera y Ciudadanos tienen discurso, ideas, proyectos, imprescindibles en el momento decisivo que vivimos en Espa\u00f1a y en Asturias\u00bb, recalc\u00f3. Y no se olvid\u00f3 de trufar su discurso de ideas para Asturias. \u00abLos tiempos son inciertos, los retos urgentes, los desaf\u00edos de una gran envergadura y de nosotros se espera algo m\u00e1s que la rabia, que la indignaci\u00f3n y que los gritos, porque para lo que estamos es para proteger conquistas costosamente alcanzadas, para plantear nuevas metas compartidas, para anticiparnos y tomar la iniciativa ante los cambios que se avecinan. Para oponer, frente al marketing pol\u00edtico o la emoci\u00f3n demag\u00f3gica, la raz\u00f3n politizada de un centro con mucho discurso\u00bb, argument\u00f3.<\/p>\n<div id=\"smartIntxt\"><\/div>\n<p>V\u00e1zquez manifest\u00f3 que \u00abAsturias necesita un cambio de rumbo, de ciclo, de pol\u00edtica y de pol\u00edticos. La izquierda y la derecha, y el bipartidismo complaciente, ya han tenido su oportunidad y es el momento de probar las f\u00f3rmulas de un liberalismo progresista y una socialdemocracia renovada\u00bb, razon\u00f3 el aspirante a presidir el Principado, que tambi\u00e9n recalc\u00f3 que \u00abfrente a la Asturias del declive y del desaliento, creo en una Asturias de la esperanza, en la que el des\u00e1nimo deje paso a la ilusi\u00f3n y la confianza\u00bb. En este sentido, describi\u00f3 su propia personalidad. \u00abMe declaro un optimista paciente, confiado en nuestro talento, imaginaci\u00f3n y capacidades para hacer una Asturias m\u00e1s pr\u00f3spera\u00bb, subray\u00f3, antes de apostar por \u00abun relato compartido: no con un frentismo de derecha e izquierda, sino como una opci\u00f3n entre la vieja y la nueva sociedad y desde una posici\u00f3n centrada como ant\u00eddoto de la polarizaci\u00f3n\u00bb.<\/p>\n<p>Fuente: <a href=\"https:\/\/www.lne.es\/asturias\/2019\/03\/30\/liberalismo-progresista-apuesta-vazquez-asturias\/2449427.html\">La Nueva Espa\u00f1a<\/a><\/p>\n","protected":false},"excerpt":{"rendered":"<p>El candidato de Cs al Principado, elogiado por Rivera, subraya su idea de \u00abun relato compartido\u00bb que huya del \u00abfrentismo\u00bb \u00abUn presidente auton\u00f3mico tiene que ser una persona preparada, con capacidad de di\u00e1logo y consenso, moderada, y leal con Espa\u00f1a. Juan V\u00e1zquez tiene todas esas caracter\u00edsticas. Asturias se merece un presidente como \u00e9l. Asturias es [&hellip;]<\/p>\n","protected":false},"author":1,"featured_media":5109,"comment_status":"closed","ping_status":"closed","sticky":false,"template":"","format":"standard","meta":{"footnotes":""},"categories":[7,14,2],"tags":[],"class_list":["post-5108","post","type-post","status-publish","format-standard","has-post-thumbnail","hentry","category-noticias-liberales","category-entertainment","category-portada"],"_links":{"self":[{"href":"https:\/\/ciudadliberal.cl\/index.php?rest_route=\/wp\/v2\/posts\/5108","targetHints":{"allow":["GET"]}}],"collection":[{"href":"https:\/\/ciudadliberal.cl\/index.php?rest_route=\/wp\/v2\/posts"}],"about":[{"href":"https:\/\/ciudadliberal.cl\/index.php?rest_route=\/wp\/v2\/types\/post"}],"author":[{"embeddable":true,"href":"https:\/\/ciudadliberal.cl\/index.php?rest_route=\/wp\/v2\/users\/1"}],"replies":[{"embeddable":true,"href":"https:\/\/ciudadliberal.cl\/index.php?rest_route=%2Fwp%2Fv2%2Fcomments&post=5108"}],"version-history":[{"count":1,"href":"https:\/\/ciudadliberal.cl\/index.php?rest_route=\/wp\/v2\/posts\/5108\/revisions"}],"predecessor-version":[{"id":5110,"href":"https:\/\/ciudadliberal.cl\/index.php?rest_route=\/wp\/v2\/posts\/5108\/revisions\/5110"}],"wp:featuredmedia":[{"embeddable":true,"href":"https:\/\/ciudadliberal.cl\/index.php?rest_route=\/wp\/v2\/media\/5109"}],"wp:attachment":[{"href":"https:\/\/ciudadliberal.cl\/index.php?rest_route=%2Fwp%2Fv2%2Fmedia&parent=5108"}],"wp:term":[{"taxonomy":"category","embeddable":true,"href":"https:\/\/ciudadliberal.cl\/index.php?rest_route=%2Fwp%2Fv2%2Fcategories&post=5108"},{"taxonomy":"post_tag","embeddable":true,"href":"https:\/\/ciudadliberal.cl\/index.php?rest_route=%2Fwp%2Fv2%2Ftags&post=5108"}],"curies":[{"name":"wp","href":"https:\/\/api.w.org\/{rel}","templated":true}]}}