{"id":5077,"date":"2019-03-26T18:25:08","date_gmt":"2019-03-26T22:25:08","guid":{"rendered":"https:\/\/ciudadliberal.cl\/?p=5077"},"modified":"2019-03-26T18:25:08","modified_gmt":"2019-03-26T22:25:08","slug":"el-jefe-de-los-liberales-europeos-felicita-a-ciudadanos-por-un-pacto-sin-concesiones-a-vox","status":"publish","type":"post","link":"https:\/\/ciudadliberal.cl\/?p=5077","title":{"rendered":"El jefe de los liberales europeos felicita a Ciudadanos por un pacto \u201csin concesiones a Vox\u201d"},"content":{"rendered":"<p>El belga Guy Verhofstadt cree que el nuevo Gobierno andaluz implantar\u00e1 un programa \u00abcentrista reformista\u00bb<\/p>\n<p>El fantasma de una confrontaci\u00f3n interna entre los liberales europeos por el apoyo de Vox a Ciudadanos en Andaluc\u00eda se aleja. El jefe del grupo en el Parlamento Europeo, el belga Guy Verhofstadt, ha mostrado este jueves su entusiasmo en redes sociales ante la pr\u00f3xima entrada en el Gobierno andaluz del partido de Albert Rivera, su gran aliado en Espa\u00f1a. \u00abContento de ver a Ciudadanos en el gobierno de Andaluc\u00eda con un programa centrista y reformista y sin concesiones ni acuerdos con Vox Se abre una oportunidad hist\u00f3rica para la regeneraci\u00f3n y modernizaci\u00f3n de esa gran tierra, \u00a1Ganan los andaluces y todos los espa\u00f1oles!\u00bb, ha afirmado.<\/p>\n<p>El mensaje reduce al m\u00ednimo las opciones de que los socios europeos de Ciudadanos le exijan explicaciones por desembarcar en el Ejecutivo gracias a los votos de la extrema derecha. Una posibilidad que abri\u00f3 el propio Verhofstadt el d\u00eda de las elecciones andaluzas, cuando alert\u00f3 contra cualquier pacto con la ultraderecha. Y que en las \u00faltimas horas hab\u00eda tomado cuerpo en forma de advertencia desde el El\u00edseo, vigilante ante cualquier tentaci\u00f3n de acuerdo, por parte de un partido amigo, con una formaci\u00f3n alejada de los valores europe\u00edstas con los que Emmanuel Macron pretende aterrizar en el Parlamento a lomos de su movimiento, La Rep\u00fablica en Marcha.<\/p>\n<p>El tuit de Verhofstadt, habitual azote de la extrema derecha en sus intervenciones p\u00fablicas, valida, a nivel interno, la estrategia de Ciudadanos en Andaluc\u00eda, basada en un pacto de Gobierno con el Partido Popular que se desvincula por completo de las cesiones del PP a Vox. La formaci\u00f3n\u00a0naranja no ha querido figurar en ning\u00fan momento junto a Santiago\u00a0Abascal y los suyos, con los que ha evitado la fotograf\u00eda en pos de mantener un perfil centrista y europe\u00edsta en riesgo conforme su nombre aparec\u00eda asociado al de Vox.<\/p>\n<p>El crecimiento de Ciudadanos ha aupado al partido a la primera l\u00ednea de los liberales europeos. Su responsable de Econom\u00eda, Luis Garicano, es el vicepresidente del partido ALDE, el \u00faltimo congreso europeo de la formaci\u00f3n se celebr\u00f3 en Madrid, y el PDeCAT fue expulsado este a\u00f1o, bajo el impulso de Ciudadanos,\u00a0<a href=\"https:\/\/elpais.com\/ccaa\/2018\/10\/27\/catalunya\/1540635464_963410.html\" target=\"_blank\" rel=\"noopener\">por su historial de corrupci\u00f3n.<\/a><\/p>\n<p>El contexto deja poco margen para el reproche interno, e invita a los liberales a equiparse para lo que viene. El ascenso de la extrema derecha en los comicios europeos de mayo se da por descontado. Y la buena sinton\u00eda entre gobiernos ultraconservadores es un hecho. El ministro de Interior italiano, Matteo Salvini, llam\u00f3 esta semana a sus colegas polacos del gobernante Ley y Justicia a plantar cara al eje franco-alem\u00e1n e iniciar juntos una nueva \u00abprimavera europea\u00bb.<\/p>\n<p>Los acuerdos firmados con partidos de derecha radical por otros miembros del grupo liberal en Dinamarca, B\u00e9lgica o Rep\u00fablica Checa tampoco invitaban a dar a Ciudadanos una respuesta excesivamente dura, con lo que Verhofstadt ha dado por bueno el programa de Gobierno PP-Ciudadanos obviando la bendici\u00f3n de Vox al nuevo Gobierno.<\/p>\n<p>Fuente: <a href=\"https:\/\/elpais.com\/politica\/2019\/01\/10\/actualidad\/1547131539_466763.html\">El Pa\u00eds<\/a><\/p>\n","protected":false},"excerpt":{"rendered":"<p>El belga Guy Verhofstadt cree que el nuevo Gobierno andaluz implantar\u00e1 un programa \u00abcentrista reformista\u00bb El fantasma de una confrontaci\u00f3n interna entre los liberales europeos por el apoyo de Vox a Ciudadanos en Andaluc\u00eda se aleja. El jefe del grupo en el Parlamento Europeo, el belga Guy Verhofstadt, ha mostrado este jueves su entusiasmo en [&hellip;]<\/p>\n","protected":false},"author":1,"featured_media":5078,"comment_status":"closed","ping_status":"closed","sticky":false,"template":"","format":"standard","meta":{"footnotes":""},"categories":[14,2],"tags":[],"class_list":["post-5077","post","type-post","status-publish","format-standard","has-post-thumbnail","hentry","category-entertainment","category-portada"],"_links":{"self":[{"href":"https:\/\/ciudadliberal.cl\/index.php?rest_route=\/wp\/v2\/posts\/5077","targetHints":{"allow":["GET"]}}],"collection":[{"href":"https:\/\/ciudadliberal.cl\/index.php?rest_route=\/wp\/v2\/posts"}],"about":[{"href":"https:\/\/ciudadliberal.cl\/index.php?rest_route=\/wp\/v2\/types\/post"}],"author":[{"embeddable":true,"href":"https:\/\/ciudadliberal.cl\/index.php?rest_route=\/wp\/v2\/users\/1"}],"replies":[{"embeddable":true,"href":"https:\/\/ciudadliberal.cl\/index.php?rest_route=%2Fwp%2Fv2%2Fcomments&post=5077"}],"version-history":[{"count":1,"href":"https:\/\/ciudadliberal.cl\/index.php?rest_route=\/wp\/v2\/posts\/5077\/revisions"}],"predecessor-version":[{"id":5079,"href":"https:\/\/ciudadliberal.cl\/index.php?rest_route=\/wp\/v2\/posts\/5077\/revisions\/5079"}],"wp:featuredmedia":[{"embeddable":true,"href":"https:\/\/ciudadliberal.cl\/index.php?rest_route=\/wp\/v2\/media\/5078"}],"wp:attachment":[{"href":"https:\/\/ciudadliberal.cl\/index.php?rest_route=%2Fwp%2Fv2%2Fmedia&parent=5077"}],"wp:term":[{"taxonomy":"category","embeddable":true,"href":"https:\/\/ciudadliberal.cl\/index.php?rest_route=%2Fwp%2Fv2%2Fcategories&post=5077"},{"taxonomy":"post_tag","embeddable":true,"href":"https:\/\/ciudadliberal.cl\/index.php?rest_route=%2Fwp%2Fv2%2Ftags&post=5077"}],"curies":[{"name":"wp","href":"https:\/\/api.w.org\/{rel}","templated":true}]}}