{"id":5026,"date":"2019-03-19T23:03:59","date_gmt":"2019-03-20T03:03:59","guid":{"rendered":"https:\/\/ciudadliberal.cl\/?p=5026"},"modified":"2019-03-19T23:03:59","modified_gmt":"2019-03-20T03:03:59","slug":"diputado-flores-dc-tras-asumir-presidencia-de-la-camara-el-avance-de-los-populismos-nos-habla-de-un-nuevo-e-insospechado-peligro","status":"publish","type":"post","link":"https:\/\/ciudadliberal.cl\/?p=5026","title":{"rendered":"Diputado Flores (DC) tras asumir presidencia de la C\u00e1mara: \u201cEl avance de los populismos nos habla de un nuevo e insospechado peligro\u201d"},"content":{"rendered":"<p>Tras una tensa votaci\u00f3n, el nuevo l\u00edder de la testera -que se impuso a Jaime Bellolio en la elecci\u00f3n realizada este martes- realiz\u00f3 su primera intervenci\u00f3n donde llam\u00f3 a sus pares legisladores a no olvidar que \u00abantes, durante y despu\u00e9s de ser parlamentarios seremos ciudadanos\u00bb.<\/p>\n<p>El diputado Iv\u00e1n Flores (DC), realiz\u00f3 este martes su primer discurso como presidente de la C\u00e1mara de Diputados, minutos despu\u00e9s de haber asumido el cargo tras una tensa elecci\u00f3n que disput\u00f3 con su par Jaime Bellolio (UDI).<\/p>\n<p>En su mensaje, el legislador llam\u00f3 a cuidar la democracia y se refiri\u00f3 a las altas exigencias de las ciudadan\u00edas al trabajo parlamentario.<\/p>\n<p>\u201cLa historia de esta instituci\u00f3n no parte con nosotros\u201d, sostuvo Flores, y agreg\u00f3 que \u201chay que ser humildes porque no somos el final del camino, pero tambi\u00e9n hay que ser responsables y si no queremos marcar el paso, pasar sin dejar huella, hemos de decidir el aporte que entregaremos a esta parte de la historia\u201d. \u201cNuestro prestigio se estabiliz\u00f3 en niveles demasiado bajos\u201d, reconoci\u00f3 tambi\u00e9n el diputado.<\/p>\n<p>El nuevo presidente de la C\u00e1mara expres\u00f3 que \u201cen los \u00faltimos a\u00f1os hemos podido comprobar que la democracia no la ha podido derrotar ninguno de sus adversarios. Hemos podido vencer todos los grandes escollos, pero el avance de los populismos que desprecie el di\u00e1logo y el respeto a las personas, nos habla de nuevo de un insospechado peligro\u201d.<\/p>\n<p>\u201cLas democracias se pueden horadar lenta e imperceptiblemente desde adentro. La corrupci\u00f3n es letal. La lejan\u00eda entre representados y representantes produce indeferencia, hast\u00edo y a veces hasta rencor\u201d, explic\u00f3.<\/p>\n<p>Flores sostuvo que se elevaron los est\u00e1ndares de transparencia, pero la evaluaci\u00f3n ciudadana no ha cambiado. \u201cNo basta con que cambiemos todo hasta que cambiemos nosotros mismos. Tal vez debamos cambiar en una doble o triple dimensi\u00f3n respecto del trato, la comunicaci\u00f3n y el propio debate p\u00fablico\u201d.<\/p>\n<p>El legislador tambi\u00e9n llam\u00f3 a demostrar \u201cm\u00e1s austeridad\u201d, a eliminar barreras con los ciudadanos y a respetar a \u201ctodos\u201d. \u201cAntes, durante y despu\u00e9s de ser parlamentarios seremos ciudadanos\u201d, asegur\u00f3 el nuevo l\u00edder de la C\u00e1mara de Diputados.<\/p>\n<p>Fuente: <a href=\"https:\/\/www.latercera.com\/politica\/noticia\/diputado-flores-dc-tras-asumir-presidencia-la-camara-avance-los-populismos-nos-habla-nuevo-e-insospechado-peligro\/576979\/\">La Tercera<\/a><\/p>\n","protected":false},"excerpt":{"rendered":"<p>Tras una tensa votaci\u00f3n, el nuevo l\u00edder de la testera -que se impuso a Jaime Bellolio en la elecci\u00f3n realizada este martes- realiz\u00f3 su primera intervenci\u00f3n donde llam\u00f3 a sus pares legisladores a no olvidar que \u00abantes, durante y despu\u00e9s de ser parlamentarios seremos ciudadanos\u00bb. El diputado Iv\u00e1n Flores (DC), realiz\u00f3 este martes su primer [&hellip;]<\/p>\n","protected":false},"author":1,"featured_media":5027,"comment_status":"closed","ping_status":"closed","sticky":false,"template":"","format":"standard","meta":{"footnotes":""},"categories":[16,2],"tags":[],"class_list":["post-5026","post","type-post","status-publish","format-standard","has-post-thumbnail","hentry","category-internet","category-portada"],"_links":{"self":[{"href":"https:\/\/ciudadliberal.cl\/index.php?rest_route=\/wp\/v2\/posts\/5026","targetHints":{"allow":["GET"]}}],"collection":[{"href":"https:\/\/ciudadliberal.cl\/index.php?rest_route=\/wp\/v2\/posts"}],"about":[{"href":"https:\/\/ciudadliberal.cl\/index.php?rest_route=\/wp\/v2\/types\/post"}],"author":[{"embeddable":true,"href":"https:\/\/ciudadliberal.cl\/index.php?rest_route=\/wp\/v2\/users\/1"}],"replies":[{"embeddable":true,"href":"https:\/\/ciudadliberal.cl\/index.php?rest_route=%2Fwp%2Fv2%2Fcomments&post=5026"}],"version-history":[{"count":1,"href":"https:\/\/ciudadliberal.cl\/index.php?rest_route=\/wp\/v2\/posts\/5026\/revisions"}],"predecessor-version":[{"id":5028,"href":"https:\/\/ciudadliberal.cl\/index.php?rest_route=\/wp\/v2\/posts\/5026\/revisions\/5028"}],"wp:featuredmedia":[{"embeddable":true,"href":"https:\/\/ciudadliberal.cl\/index.php?rest_route=\/wp\/v2\/media\/5027"}],"wp:attachment":[{"href":"https:\/\/ciudadliberal.cl\/index.php?rest_route=%2Fwp%2Fv2%2Fmedia&parent=5026"}],"wp:term":[{"taxonomy":"category","embeddable":true,"href":"https:\/\/ciudadliberal.cl\/index.php?rest_route=%2Fwp%2Fv2%2Fcategories&post=5026"},{"taxonomy":"post_tag","embeddable":true,"href":"https:\/\/ciudadliberal.cl\/index.php?rest_route=%2Fwp%2Fv2%2Ftags&post=5026"}],"curies":[{"name":"wp","href":"https:\/\/api.w.org\/{rel}","templated":true}]}}