{"id":5023,"date":"2019-03-19T22:57:44","date_gmt":"2019-03-20T02:57:44","guid":{"rendered":"https:\/\/ciudadliberal.cl\/?p=5023"},"modified":"2019-03-19T22:57:44","modified_gmt":"2019-03-20T02:57:44","slug":"la-reforma-al-sename-de-felipe-kast-cerrar-centros-cread-y-apoyar-a-menores-mental-y-socialmente","status":"publish","type":"post","link":"https:\/\/ciudadliberal.cl\/?p=5023","title":{"rendered":"La reforma al Sename de Felipe Kast: Cerrar centros \u2018Cread\u2019 y apoyar a menores mental y socialmente"},"content":{"rendered":"<p>Hasta la ciudad de Rancagua lleg\u00f3 el senador por la regi\u00f3n de La Araucan\u00eda, Felipe Kast. El excandidato presidencial de Evopoli present\u00f3 en la capital de O\u2019Higgins los avances del \u2018Acuerdo Nacional por la Infancia\u2019, proyecto impulsado desde el partido y que busca cambiar las condiciones para los ni\u00f1os en riesgo social, especialmente los menores que se encuentran en centros del Sename.<\/p>\n<p>\u201cVenimos a presentar el acuerdo nacional por la infancia, que fue acuerdo de 94 medidas del que me toc\u00f3 ser parte y que, para nosotros como Evopoli, es el legado social m\u00e1s grande que esperamos deje el gobierno\u201d, explic\u00f3 la autoridad.<\/p>\n<p>Respecto al alcance del proyecto, el senador detall\u00f3 que \u201cconsiste en poder enfrentar el tema de la infancia y los ni\u00f1os vulnerados integralmente\u201d, ya que \u201cno solo es la reforma al Sename, sino que tambi\u00e9n hay que cerrar todos los \u2018Cread\u2019 (Centros de Reparaci\u00f3n Especializada de Administraci\u00f3n Directa) de Chile\u201d.<\/p>\n<p>De esta forma, Kast busca \u201ctransformar estas c\u00e1rceles que hab\u00eda, de 150 ni\u00f1os, y cambiarlas por residencias familiares de 15 ni\u00f1os, donde haya salud mental, acompa\u00f1amiento social\u201d.<\/p>\n<p>Esto, seg\u00fan el excandidato presidencial, debido a que \u201cla mitad de las personas que hoy est\u00e1n en las c\u00e1rceles de Chile cometi\u00f3 su primer delito antes de los 13 a\u00f1os, y un 40% pas\u00f3 por el Sename en alg\u00fan minuto, por eso el plan Ni\u00f1os Primero no es solo una imposici\u00f3n moral y \u00e9tica, sino que es algo importante para prevenir\u201d.<\/p>\n<p>Los desaf\u00edos pol\u00edticos y la carrera presidencial<\/p>\n<p>En 2017, Felipe Kast anunci\u00f3 su deseo de ser candidato presidencial. El hoy senador se present\u00f3 a las primarias de la centroderecha de la mano de Evopoli y compiti\u00f3 con Manuel Jos\u00e9 Ossand\u00f3n y el actual presidente Sebasti\u00e1n Pi\u00f1era.<\/p>\n<p>Pese a que no gan\u00f3 las primarias, lo cierto es que consigui\u00f3 m\u00e1s de 200 mil votos de apoyo. A ra\u00edz de eso, Kast revel\u00f3 que \u201cfue una bonita experiencia. Quedamos contentos con la campa\u00f1a presidencial. Logramos mostrar a Chile de qu\u00e9 se trataba Evopoli\u201d.<\/p>\n<p>Por ello, el senador asegur\u00f3 que gracias a ese trabajo, \u201cel partido va a tener un candidato. No s\u00e9 cu\u00e1ndo se decidir\u00e1 y por qui\u00e9n se decidir\u00e1, es parte de lo que el partido debe dilucidar, pero siempre es sano competir\u201d.<\/p>\n<p>En esa l\u00ednea, el parlamentario recalc\u00f3 que \u201cEvopoli se caracteriza por ser un partido constructivo, que viene a sumar, no a restar. Queremos unir al pa\u00eds y sembrar el esp\u00edritu de unidad en temas como los ni\u00f1os, la ciudad justa, regiones que no envidien nada a la capital, los adultos mayores y los ni\u00f1os con discapacidad\u201d.<\/p>\n<p>&nbsp;<\/p>\n<p>Fuente:<\/p>\n","protected":false},"excerpt":{"rendered":"<p>Hasta la ciudad de Rancagua lleg\u00f3 el senador por la regi\u00f3n de La Araucan\u00eda, Felipe Kast. El excandidato presidencial de Evopoli present\u00f3 en la capital de O\u2019Higgins los avances del \u2018Acuerdo Nacional por la Infancia\u2019, proyecto impulsado desde el partido y que busca cambiar las condiciones para los ni\u00f1os en riesgo social, especialmente los menores [&hellip;]<\/p>\n","protected":false},"author":1,"featured_media":5024,"comment_status":"closed","ping_status":"closed","sticky":false,"template":"","format":"standard","meta":{"footnotes":""},"categories":[16,2],"tags":[],"class_list":["post-5023","post","type-post","status-publish","format-standard","has-post-thumbnail","hentry","category-internet","category-portada"],"_links":{"self":[{"href":"https:\/\/ciudadliberal.cl\/index.php?rest_route=\/wp\/v2\/posts\/5023","targetHints":{"allow":["GET"]}}],"collection":[{"href":"https:\/\/ciudadliberal.cl\/index.php?rest_route=\/wp\/v2\/posts"}],"about":[{"href":"https:\/\/ciudadliberal.cl\/index.php?rest_route=\/wp\/v2\/types\/post"}],"author":[{"embeddable":true,"href":"https:\/\/ciudadliberal.cl\/index.php?rest_route=\/wp\/v2\/users\/1"}],"replies":[{"embeddable":true,"href":"https:\/\/ciudadliberal.cl\/index.php?rest_route=%2Fwp%2Fv2%2Fcomments&post=5023"}],"version-history":[{"count":1,"href":"https:\/\/ciudadliberal.cl\/index.php?rest_route=\/wp\/v2\/posts\/5023\/revisions"}],"predecessor-version":[{"id":5025,"href":"https:\/\/ciudadliberal.cl\/index.php?rest_route=\/wp\/v2\/posts\/5023\/revisions\/5025"}],"wp:featuredmedia":[{"embeddable":true,"href":"https:\/\/ciudadliberal.cl\/index.php?rest_route=\/wp\/v2\/media\/5024"}],"wp:attachment":[{"href":"https:\/\/ciudadliberal.cl\/index.php?rest_route=%2Fwp%2Fv2%2Fmedia&parent=5023"}],"wp:term":[{"taxonomy":"category","embeddable":true,"href":"https:\/\/ciudadliberal.cl\/index.php?rest_route=%2Fwp%2Fv2%2Fcategories&post=5023"},{"taxonomy":"post_tag","embeddable":true,"href":"https:\/\/ciudadliberal.cl\/index.php?rest_route=%2Fwp%2Fv2%2Ftags&post=5023"}],"curies":[{"name":"wp","href":"https:\/\/api.w.org\/{rel}","templated":true}]}}