{"id":4895,"date":"2019-03-05T19:57:16","date_gmt":"2019-03-05T23:57:16","guid":{"rendered":"https:\/\/ciudadliberal.cl\/?p=4895"},"modified":"2019-03-05T19:57:32","modified_gmt":"2019-03-05T23:57:32","slug":"gobierno-y-admision-justa-no-es-bueno-oponerse-de-buenas-a-primera","status":"publish","type":"post","link":"https:\/\/ciudadliberal.cl\/?p=4895","title":{"rendered":"Gobierno y Admisi\u00f3n Justa: \u00abNo es bueno oponerse de buenas a primera\u00bb"},"content":{"rendered":"<p>El subsecretario de Educaci\u00f3n, Ra\u00fal Figueroa, indic\u00f3 que al dividir el proyecto se dar\u00e1 m\u00e1s flexibilidad al debate legislativo y pueden acercarse las posiciones. Adem\u00e1s critic\u00f3 los proyectos de ley Machuca, ya que desv\u00edan el foco de c\u00f3mo mejorar la educaci\u00f3n p\u00fablica chilena.<\/p>\n<p>El subsecretario de Educaci\u00f3n,\u00a0<strong>Ra\u00fal Figueroa<\/strong>, asegur\u00f3 que la divisi\u00f3n del proyecto de Admisi\u00f3n Justa permitir\u00e1 flexibilizar el debate en el Parlamento y acercar las posiciones.<\/p>\n<p>Indic\u00f3 que la iniciativa legal incluye, adem\u00e1s de la selecci\u00f3n por m\u00e9rito en colegios, un componente de inclusi\u00f3n porque considera un 20% de alumnos preferentes.<\/p>\n<p>La autoridad sostuvo, sin embargo, en\u00a0<strong>Pauta Final<\/strong>\u00a0que es en el Parlamento donde deben darse las discusiones, por tanto, no es conveniente oponerse de \u00abbuenas a primera\u00bb.<\/p>\n<p>El subsecretario Figueroa indic\u00f3, adem\u00e1s, que las propuestas de ley Machuca cambian el foco a la discusi\u00f3n y que es mejorar en su conjunto la calidad de la educaci\u00f3n en Chile. \u00abNo debemos olvidar que todos los establecimientos deben tener est\u00e1ndares de calidad\u00bb, precis\u00f3.<\/p>\n<p>Por su parte, el senador de Ev\u00f3poli y autor de la ley Machuca Liberal, Felipe Kast defendi\u00f3 el proyecto de Admisi\u00f3n Justa, ya que \u00abbusca reflotar la educaci\u00f3n p\u00fablica\u00bb. Agreg\u00f3 que \u00abhaber matado\u00bb la calidad de la ense\u00f1anza en colegios emblem\u00e1ticos \u201cfue una mala decisi\u00f3n\u201d.<\/p>\n<p>Con el inicio del a\u00f1o legislativo, el gobierno presentar\u00e1 sus propuestas en materia de educaci\u00f3n y espera que, al menos, se apruebe la idea de legislar.<\/p>\n<p>Fuente: <a href=\"http:\/\/www.pauta.cl\/politica\/gobierno-y-admision-justa-no-es-bueno-oponerse-de-buenas-a-primera\">Pauta<\/a><\/p>\n","protected":false},"excerpt":{"rendered":"<p>El subsecretario de Educaci\u00f3n, Ra\u00fal Figueroa, indic\u00f3 que al dividir el proyecto se dar\u00e1 m\u00e1s flexibilidad al debate legislativo y pueden acercarse las posiciones. Adem\u00e1s critic\u00f3 los proyectos de ley Machuca, ya que desv\u00edan el foco de c\u00f3mo mejorar la educaci\u00f3n p\u00fablica chilena. El subsecretario de Educaci\u00f3n,\u00a0Ra\u00fal Figueroa, asegur\u00f3 que la divisi\u00f3n del proyecto de [&hellip;]<\/p>\n","protected":false},"author":1,"featured_media":4896,"comment_status":"closed","ping_status":"closed","sticky":false,"template":"","format":"standard","meta":{"footnotes":""},"categories":[16,2,1],"tags":[],"class_list":["post-4895","post","type-post","status-publish","format-standard","has-post-thumbnail","hentry","category-internet","category-portada","category-sociedad-plural"],"_links":{"self":[{"href":"https:\/\/ciudadliberal.cl\/index.php?rest_route=\/wp\/v2\/posts\/4895","targetHints":{"allow":["GET"]}}],"collection":[{"href":"https:\/\/ciudadliberal.cl\/index.php?rest_route=\/wp\/v2\/posts"}],"about":[{"href":"https:\/\/ciudadliberal.cl\/index.php?rest_route=\/wp\/v2\/types\/post"}],"author":[{"embeddable":true,"href":"https:\/\/ciudadliberal.cl\/index.php?rest_route=\/wp\/v2\/users\/1"}],"replies":[{"embeddable":true,"href":"https:\/\/ciudadliberal.cl\/index.php?rest_route=%2Fwp%2Fv2%2Fcomments&post=4895"}],"version-history":[{"count":1,"href":"https:\/\/ciudadliberal.cl\/index.php?rest_route=\/wp\/v2\/posts\/4895\/revisions"}],"predecessor-version":[{"id":4897,"href":"https:\/\/ciudadliberal.cl\/index.php?rest_route=\/wp\/v2\/posts\/4895\/revisions\/4897"}],"wp:featuredmedia":[{"embeddable":true,"href":"https:\/\/ciudadliberal.cl\/index.php?rest_route=\/wp\/v2\/media\/4896"}],"wp:attachment":[{"href":"https:\/\/ciudadliberal.cl\/index.php?rest_route=%2Fwp%2Fv2%2Fmedia&parent=4895"}],"wp:term":[{"taxonomy":"category","embeddable":true,"href":"https:\/\/ciudadliberal.cl\/index.php?rest_route=%2Fwp%2Fv2%2Fcategories&post=4895"},{"taxonomy":"post_tag","embeddable":true,"href":"https:\/\/ciudadliberal.cl\/index.php?rest_route=%2Fwp%2Fv2%2Ftags&post=4895"}],"curies":[{"name":"wp","href":"https:\/\/api.w.org\/{rel}","templated":true}]}}