{"id":4892,"date":"2019-03-05T12:29:50","date_gmt":"2019-03-05T16:29:50","guid":{"rendered":"https:\/\/ciudadliberal.cl\/?p=4892"},"modified":"2019-03-05T12:29:50","modified_gmt":"2019-03-05T16:29:50","slug":"un-tema-incomodo-evopoli-y-la-udi-piden-al-gobierno-no-enfrentarse-con-el-movimiento-feminista","status":"publish","type":"post","link":"https:\/\/ciudadliberal.cl\/?p=4892","title":{"rendered":"Un tema inc\u00f3modo: Ev\u00f3poli y la UDI piden al gobierno no \u201cenfrentarse\u201d con el movimiento feminista"},"content":{"rendered":"<p>Al final del Comit\u00e9 Pol\u00edtico de hoy, los partidos de Chile Vamos hicieron ver al gobierno que no hay que entrar en una disputa \u00abideol\u00f3gica\u00bb con el movimiento feminista, sino que atender algunas de sus demandas como s\u00ed se hizo el a\u00f1o pasado.<\/p>\n<p>Es parte de la discusi\u00f3n hist\u00f3rica del feminismo y, cada tanto, vuelve a salir a flote: el debate sobre la ra\u00edz pol\u00edtica de \u00e9ste (si la tiene) y c\u00f3mo se compatibilizan ideas matrices del feminismo, como la igualdad y los derechos reproductivos, con las ideas de la derecha pol\u00edtica, asociada al mundo conservador.<\/p>\n<p>El tema incomoda la derecha -m\u00e1s a\u00fan a la que intenta plantearse como liberal- y si la semana pasada ya lo hizo, esta podr\u00eda hacerlo a\u00fan m\u00e1s ya que, a cuatro d\u00edas de la huelga y marcha convocada por la Coordinadora Feminista 8M, desde el gobierno de Sebasti\u00e1n Pi\u00f1era a\u00fan se sigue hablando del tema.<\/p>\n<p>Hoy, en el Comit\u00e9 Pol\u00edtico de La Moneda -al que se sum\u00f3 el Mandatario casi a su t\u00e9rmino- algunos dirigentes de Chile Vamos pusieron sobre la mesa el tema debido a que, a juicio de ellos, ser\u00e1 uno de los puntos clave de la primera semana de marzo e hicieron ver el \u201ccuidado\u201d que hay que tener al momento de abordar la discusi\u00f3n.<\/p>\n<p>Esto, a ra\u00edz de los dichos de la ministra de la Mujer y Equidad de G\u00e9nero,\u00a0<strong>Isabel Pl\u00e1,<\/strong>\u00a0del jueves pasado cuando dijo que la paralizaci\u00f3n va en contra de lo que el gobierno ha planteado y la calific\u00f3 como de izquierda o de oposici\u00f3n.<\/p>\n<p>\u201cNosotros respaldamos todas las manifestaciones pac\u00edficas\u201d, dijo Pl\u00e1 el viernes pasado en un punto de prensa donde tuvo que rectificar sus dichos. Ah\u00ed agreg\u00f3 que \u201cno compartimos las paralizaciones\u201d. Todo, en un tono mucho m\u00e1s calmo de lo que hab\u00eda expresado el jueves. Por eso hoy, la vocera de gobierno,\u00a0<strong>Cecilia P\u00e9rez<\/strong>, expres\u00f3 que\u00a0\u201cno hay que hacer huelgas, sino que al contrario, los derechos de la mujer se consiguen moviliz\u00e1ndonos entre todos\u201d.<\/p>\n<p>Con la incomodidad ya demostrada, en Chile Vamos se estima que hay que \u201ccuidar la naturaleza y autonom\u00eda del movimiento\u201d.<\/p>\n<p><strong>\u201cEs importante que el gobierno y Chile Vamos no entre en una pelea ideol\u00f3gica con la izquierda sobre las demandas o las causas que est\u00e1n detr\u00e1s del movimiento y, m\u00e1s bien, busquen darles un cauce a trav\u00e9s de la agenda mujer que est\u00e1 construyendo el gobierno\u201d<\/strong>, dijo Larra\u00edn Matte a La Tercera PM.<\/p>\n<p>En ese sentido, se hizo ver c\u00f3mo el gobierno de Sebasti\u00e1n Pi\u00f1era trat\u00f3 este tema el a\u00f1o pasado cuando se realizaron manifestaciones de lo que se denomin\u00f3 la \u201cOla feminista\u201d. Fue por esos d\u00edas cuando el gobierno present\u00f3 su \u201cAgenda Mujer\u201d y envi\u00f3 una serie de proyectos de ley para fomentar la equidad de g\u00e9nero.<\/p>\n<p><strong>\u201cEs un error entregarle esas banderas a la izquierda porque no son de ellos.<\/strong>\u00a0Aunque no les guste hay mujeres en la derecha, la UDI es el \u00fanico partido que est\u00e1 dirigido por una mujer por lo tanto, si nosotros entendemos el feminismo como la igualdad de derecho entre hombres y mujeres, y la lucha por el t\u00e9rmino de la discriminaci\u00f3n y de cualquier tipo de violencia, evidentemente que esas banderas no son de izquierda, son de las mujeres y las mujeres estamos en todos lados\u201d, dijo la presidenta de la UDI,\u00a0<strong>Jacqueline Van Rysselberghe<\/strong>.<\/p>\n<h2>Evitar la marcha<\/h2>\n<p>Para conmemorar el D\u00eda de la Mujer del pr\u00f3ximo viernes, el gobierno ya ha dicho en privado que realizar\u00e1 un acto que, a diferencia del que se hizo el a\u00f1o pasado, ser\u00e1 con un tono mucho m\u00e1s \u201csolemne\u201d y tendr\u00e1 el car\u00e1cter de \u201cacto conmemorativo\u201d en vez de \u201ccelebraci\u00f3n\u201d.<\/p>\n<p>Asimismo, est\u00e1 previsto que los que intervengan en el acto sean la ministra Pla, el Mandatario y la Primera Dama,\u00a0<strong>Cecilia Morel<\/strong>. Ser\u00eda un evento masivo -en un lugar por definir pero fuera de La Moneda- y lo que s\u00ed est\u00e1 claro es que ser\u00eda durante el mediod\u00eda para as\u00ed evitar que sea a la misma hora de la movilizaci\u00f3n que se convoc\u00f3 para horas de la tarde.<\/p>\n<p>Fuente: <a href=\"https:\/\/www.latercera.com\/la-tercera-pm\/noticia\/un-tema-incomodo-evopoli-y-la-udi-piden-al-gobierno-no-enfrentarse-con-el-movimiento-feminista\/553559\/\">La Tercera<\/a><\/p>\n","protected":false},"excerpt":{"rendered":"<p>Al final del Comit\u00e9 Pol\u00edtico de hoy, los partidos de Chile Vamos hicieron ver al gobierno que no hay que entrar en una disputa \u00abideol\u00f3gica\u00bb con el movimiento feminista, sino que atender algunas de sus demandas como s\u00ed se hizo el a\u00f1o pasado. Es parte de la discusi\u00f3n hist\u00f3rica del feminismo y, cada tanto, vuelve [&hellip;]<\/p>\n","protected":false},"author":1,"featured_media":4893,"comment_status":"closed","ping_status":"closed","sticky":false,"template":"","format":"standard","meta":{"footnotes":""},"categories":[16,2],"tags":[],"class_list":["post-4892","post","type-post","status-publish","format-standard","has-post-thumbnail","hentry","category-internet","category-portada"],"_links":{"self":[{"href":"https:\/\/ciudadliberal.cl\/index.php?rest_route=\/wp\/v2\/posts\/4892","targetHints":{"allow":["GET"]}}],"collection":[{"href":"https:\/\/ciudadliberal.cl\/index.php?rest_route=\/wp\/v2\/posts"}],"about":[{"href":"https:\/\/ciudadliberal.cl\/index.php?rest_route=\/wp\/v2\/types\/post"}],"author":[{"embeddable":true,"href":"https:\/\/ciudadliberal.cl\/index.php?rest_route=\/wp\/v2\/users\/1"}],"replies":[{"embeddable":true,"href":"https:\/\/ciudadliberal.cl\/index.php?rest_route=%2Fwp%2Fv2%2Fcomments&post=4892"}],"version-history":[{"count":1,"href":"https:\/\/ciudadliberal.cl\/index.php?rest_route=\/wp\/v2\/posts\/4892\/revisions"}],"predecessor-version":[{"id":4894,"href":"https:\/\/ciudadliberal.cl\/index.php?rest_route=\/wp\/v2\/posts\/4892\/revisions\/4894"}],"wp:featuredmedia":[{"embeddable":true,"href":"https:\/\/ciudadliberal.cl\/index.php?rest_route=\/wp\/v2\/media\/4893"}],"wp:attachment":[{"href":"https:\/\/ciudadliberal.cl\/index.php?rest_route=%2Fwp%2Fv2%2Fmedia&parent=4892"}],"wp:term":[{"taxonomy":"category","embeddable":true,"href":"https:\/\/ciudadliberal.cl\/index.php?rest_route=%2Fwp%2Fv2%2Fcategories&post=4892"},{"taxonomy":"post_tag","embeddable":true,"href":"https:\/\/ciudadliberal.cl\/index.php?rest_route=%2Fwp%2Fv2%2Ftags&post=4892"}],"curies":[{"name":"wp","href":"https:\/\/api.w.org\/{rel}","templated":true}]}}