{"id":4886,"date":"2019-03-04T17:38:34","date_gmt":"2019-03-04T21:38:34","guid":{"rendered":"https:\/\/ciudadliberal.cl\/?p=4886"},"modified":"2019-03-04T17:40:07","modified_gmt":"2019-03-04T21:40:07","slug":"camara-inicia-conmemoraciones-por-el-dia-internacional-de-la-mujer","status":"publish","type":"post","link":"https:\/\/ciudadliberal.cl\/?p=4886","title":{"rendered":"C\u00e1mara inicia conmemoraciones por el D\u00eda Internacional de la Mujer"},"content":{"rendered":"<p>Un activo rol adopt\u00f3 la C\u00e1mara de Diputados en el marco de las actividades impulsadas por el Congreso Nacional, para recordar y celebrar esta significativa fecha.<\/p>\n<p>Con motivo de la conmemoraci\u00f3n del D\u00eda Internacional de la Mujer, la C\u00e1mara de Diputados se encuentra realizando una serie de actividades, las que culminar\u00e1n este mi\u00e9rcoles 6 de marzo con un acto en el Sal\u00f3n de Honor del Congreso Nacional, a trav\u00e9s del cual se pretende vincular al Parlamento con las demandas ciudadanas que buscan disminuir la desigualdad entre hombres y mujeres.<\/p>\n<p>Dicha ceremonia se realizar\u00e1 a contar de las 11 horas y ser\u00e1 encabezada por los presidentes del Senado y de la C\u00e1mara de Diputados, Carlos Montes y Maya Fern\u00e1ndez (PS), respectivamente.<\/p>\n<p>Durante la jornada de este lunes se desarroll\u00f3 un conversatorio sobre \u201cViolencia de g\u00e9nero y femicidio\u201d, encabezado por las presidentas de las Comisiones de Mujer y Equidad de G\u00e9nero de ambas ramas del Parlamento: senadora Adriana Mu\u00f1oz y diputada Marcela Hernando (PRSD).<\/p>\n<p>Este martes, en tanto, se realizar\u00e1 un segundo conversatorio sobre \u00abParticipaci\u00f3n y representaci\u00f3n pol\u00edtica de las mujeres en Chile\u00bb.<\/p>\n<p>Fuente: <a href=\"https:\/\/www.camara.cl\/prensa\/noticias_detalle.aspx?prmid=136305\">C\u00e1mara de Diputados<\/a><\/p>\n","protected":false},"excerpt":{"rendered":"<p>Un activo rol adopt\u00f3 la C\u00e1mara de Diputados en el marco de las actividades impulsadas por el Congreso Nacional, para recordar y celebrar esta significativa fecha. Con motivo de la conmemoraci\u00f3n del D\u00eda Internacional de la Mujer, la C\u00e1mara de Diputados se encuentra realizando una serie de actividades, las que culminar\u00e1n este mi\u00e9rcoles 6 de [&hellip;]<\/p>\n","protected":false},"author":1,"featured_media":4204,"comment_status":"closed","ping_status":"closed","sticky":false,"template":"","format":"standard","meta":{"footnotes":""},"categories":[16,2],"tags":[],"class_list":["post-4886","post","type-post","status-publish","format-standard","has-post-thumbnail","hentry","category-internet","category-portada"],"_links":{"self":[{"href":"https:\/\/ciudadliberal.cl\/index.php?rest_route=\/wp\/v2\/posts\/4886","targetHints":{"allow":["GET"]}}],"collection":[{"href":"https:\/\/ciudadliberal.cl\/index.php?rest_route=\/wp\/v2\/posts"}],"about":[{"href":"https:\/\/ciudadliberal.cl\/index.php?rest_route=\/wp\/v2\/types\/post"}],"author":[{"embeddable":true,"href":"https:\/\/ciudadliberal.cl\/index.php?rest_route=\/wp\/v2\/users\/1"}],"replies":[{"embeddable":true,"href":"https:\/\/ciudadliberal.cl\/index.php?rest_route=%2Fwp%2Fv2%2Fcomments&post=4886"}],"version-history":[{"count":2,"href":"https:\/\/ciudadliberal.cl\/index.php?rest_route=\/wp\/v2\/posts\/4886\/revisions"}],"predecessor-version":[{"id":4888,"href":"https:\/\/ciudadliberal.cl\/index.php?rest_route=\/wp\/v2\/posts\/4886\/revisions\/4888"}],"wp:featuredmedia":[{"embeddable":true,"href":"https:\/\/ciudadliberal.cl\/index.php?rest_route=\/wp\/v2\/media\/4204"}],"wp:attachment":[{"href":"https:\/\/ciudadliberal.cl\/index.php?rest_route=%2Fwp%2Fv2%2Fmedia&parent=4886"}],"wp:term":[{"taxonomy":"category","embeddable":true,"href":"https:\/\/ciudadliberal.cl\/index.php?rest_route=%2Fwp%2Fv2%2Fcategories&post=4886"},{"taxonomy":"post_tag","embeddable":true,"href":"https:\/\/ciudadliberal.cl\/index.php?rest_route=%2Fwp%2Fv2%2Ftags&post=4886"}],"curies":[{"name":"wp","href":"https:\/\/api.w.org\/{rel}","templated":true}]}}