{"id":4880,"date":"2019-03-04T10:35:06","date_gmt":"2019-03-04T14:35:06","guid":{"rendered":"https:\/\/ciudadliberal.cl\/?p=4880"},"modified":"2019-03-04T10:35:06","modified_gmt":"2019-03-04T14:35:06","slug":"las-lideres-de-ciudadanos-junto-a-albert-rivera-defienden-que-la-igualdad-no-es-cosa-de-partidos-sino-de-toda-la-sociedad","status":"publish","type":"post","link":"https:\/\/ciudadliberal.cl\/?p=4880","title":{"rendered":"Las l\u00edderes de Ciudadanos, junto a Albert Rivera, defienden que \u00abla igualdad no es cosa de partidos, sino de toda la sociedad\u00bb."},"content":{"rendered":"<p>Las l\u00edderes de Ciudadanos, junto a Albert Rivera, defienden que \u00abla igualdad no es cosa de partidos, sino de toda la sociedad\u00bb.<\/p>\n<p>Este domingo, Ciudadanos ha presentado su dec\u00e1logo del feminismo liberal, un documento elaborado en base a la experiencia de gesti\u00f3n del partido, sus postulados ideol\u00f3gicos y a prop\u00f3sito de la semana de la mujer que culmina el pr\u00f3ximo 8 de marzo. La encargada de ser maestra de ceremonias en el Espacio C\u00f3mo de Madrid ha sido In\u00e9s Arrimadas, portavoz nacional de Cs y n\u00famero uno de la formaci\u00f3n naranja en Catalu\u00f1a.<\/p>\n<p>Junto a ella, y en presencia del presidente del partido, Albert Rivera, han participado en el acto Patricia Reyes, Marta Rivera, Lorena Rold\u00e1n y Bego\u00f1a Villac\u00eds.<\/p>\n<p>\u00c9ste es el dec\u00e1logo de principios y medidas presentado por el partido naranja:<\/p>\n<p><strong>1. El feminismo es una causa de todos: no es patrimonio de nadie.<\/strong><br \/>\nSu defensa la abandera cada ciudadano comprometido con la igualdad entre hombres y mujeres.<\/p>\n<p><strong>2. Nunca habr\u00e1 igualdad sin libertad.<\/strong><br \/>\nEl liberalismo percibe la emancipaci\u00f3n del individuo sin distinci\u00f3n de sexo, nacimiento, etnia, raza o religi\u00f3n. Por eso, el feminismo liberal es el que defiende que toda mujer tiene igual libertad individual que el hombre.<\/p>\n<p><strong>3. El feminismo es necesario en Espa\u00f1a y en Europa: queda mucho camino para la igualdad.<\/strong><br \/>\nPor muchos avances obtenidos, sigue existiendo una desigualdad notable en las oportunidades de las mujeres, una brecha salarial inaceptable y la evidencia de una mayor dificultad de las mujeres para alcanzar sus metas. Mientras la igualdad plena no est\u00e9 conseguida, el feminismo ser\u00e1 el arma principal para dar esa batalla.<\/p>\n<p><strong>4. Que ninguna mujer tenga que elegir entre su carrera y su familia.<\/strong><br \/>\nLa incorporaci\u00f3n de la mujer al mercado laboral no ha ido acompa\u00f1ada de pol\u00edticas efectivas que permitan ejercer la corresponsabilidad entre mujeres y hombres que demanda la sociedad del siglo XXI.<\/p>\n<p><strong>5. Feminismo no es decir \u2018portavozas\u2019, es cambiar pol\u00edticas.<\/strong><br \/>\nEl objetivo de la igualdad no se logra confrontando a los ciudadanos con ideolog\u00edas caducas, se consigue con pol\u00edticas p\u00fablicas efectivas que eliminen las barreras que existen a la igualdad de oportunidades entre mujeres y hombres.<\/p>\n<p><strong>6. El feminismo liberal no excluye al hombre: es una batalla de toda la sociedad.<\/strong><br \/>\nLos hombres son imprescindibles para la tarea que se propone el feminismo liberal. No podemos ignorar a la mitad de la sociedad para emprender la batalla de la igualdad de derechos y deberes.<\/p>\n<p><strong>7. El feminismo liberal pone la educaci\u00f3n en el centro.<\/strong><br \/>\nLos ciudadanos deben ser formados de tal manera que se reconozcan en igualdad de derechos y deberes, oportunidades y aspiraciones, posibilidades y metas.<\/p>\n<p><strong>8. Ni un paso atr\u00e1s en la lucha contra la violencia machista.<\/strong><br \/>\nTan reduccionista resulta decir que todas las mujeres nacen v\u00edctimas como falso que la violencia machista no existe. Es urgente implementar el Pacto contra la violencia machista para erradicar esta lacra.<\/p>\n<p><strong>9. Nadie habla por m\u00ed: en el siglo XXI, paternalismo NO, solidaridad entre mujeres S\u00cd.<\/strong><br \/>\nLa mujer no se ha sacudido la tutela del var\u00f3n para caer en la tutela de otras mujeres que pretendan hablar en su nombre.<\/p>\n<p><strong>10. Guerra de sexos es pasado, feminismo liberal es presente y futuro.<\/strong><br \/>\nEl feminismo liberal representa el futuro en la lucha por la igualdad. Ning\u00fan grupo de presi\u00f3n puede hablar en nombre del conjunto de las mujeres.<\/p>\n<p>Fuente: <a href=\"https:\/\/www.elespanol.com\/espana\/politica\/20190303\/decalogo-feminismo-liberal-presentado-ines-arrimadas\/380462193_0.html\">El espa\u00f1ol<\/a><\/p>\n","protected":false},"excerpt":{"rendered":"<p>Las l\u00edderes de Ciudadanos, junto a Albert Rivera, defienden que \u00abla igualdad no es cosa de partidos, sino de toda la sociedad\u00bb. Este domingo, Ciudadanos ha presentado su dec\u00e1logo del feminismo liberal, un documento elaborado en base a la experiencia de gesti\u00f3n del partido, sus postulados ideol\u00f3gicos y a prop\u00f3sito de la semana de la [&hellip;]<\/p>\n","protected":false},"author":1,"featured_media":4881,"comment_status":"closed","ping_status":"closed","sticky":false,"template":"","format":"standard","meta":{"footnotes":""},"categories":[7,2],"tags":[],"class_list":["post-4880","post","type-post","status-publish","format-standard","has-post-thumbnail","hentry","category-noticias-liberales","category-portada"],"_links":{"self":[{"href":"https:\/\/ciudadliberal.cl\/index.php?rest_route=\/wp\/v2\/posts\/4880","targetHints":{"allow":["GET"]}}],"collection":[{"href":"https:\/\/ciudadliberal.cl\/index.php?rest_route=\/wp\/v2\/posts"}],"about":[{"href":"https:\/\/ciudadliberal.cl\/index.php?rest_route=\/wp\/v2\/types\/post"}],"author":[{"embeddable":true,"href":"https:\/\/ciudadliberal.cl\/index.php?rest_route=\/wp\/v2\/users\/1"}],"replies":[{"embeddable":true,"href":"https:\/\/ciudadliberal.cl\/index.php?rest_route=%2Fwp%2Fv2%2Fcomments&post=4880"}],"version-history":[{"count":1,"href":"https:\/\/ciudadliberal.cl\/index.php?rest_route=\/wp\/v2\/posts\/4880\/revisions"}],"predecessor-version":[{"id":4882,"href":"https:\/\/ciudadliberal.cl\/index.php?rest_route=\/wp\/v2\/posts\/4880\/revisions\/4882"}],"wp:featuredmedia":[{"embeddable":true,"href":"https:\/\/ciudadliberal.cl\/index.php?rest_route=\/wp\/v2\/media\/4881"}],"wp:attachment":[{"href":"https:\/\/ciudadliberal.cl\/index.php?rest_route=%2Fwp%2Fv2%2Fmedia&parent=4880"}],"wp:term":[{"taxonomy":"category","embeddable":true,"href":"https:\/\/ciudadliberal.cl\/index.php?rest_route=%2Fwp%2Fv2%2Fcategories&post=4880"},{"taxonomy":"post_tag","embeddable":true,"href":"https:\/\/ciudadliberal.cl\/index.php?rest_route=%2Fwp%2Fv2%2Ftags&post=4880"}],"curies":[{"name":"wp","href":"https:\/\/api.w.org\/{rel}","templated":true}]}}