{"id":4768,"date":"2019-02-15T05:32:23","date_gmt":"2019-02-15T09:32:23","guid":{"rendered":"https:\/\/ciudadliberal.cl\/?p=4768"},"modified":"2019-02-15T05:32:23","modified_gmt":"2019-02-15T09:32:23","slug":"el-origen-del-estado-liberal","status":"publish","type":"post","link":"https:\/\/ciudadliberal.cl\/?p=4768","title":{"rendered":"El origen del Estado liberal"},"content":{"rendered":"<p>La transformaci\u00f3n del concepto de libertad se encuentra en la ra\u00edz del Estado liberal. La libertad cl\u00e1sica constre\u00f1ida por la realidad y el derecho natural sufri\u00f3 una mutaci\u00f3n esencial cuando el liberalismo renunci\u00f3 a las fronteras del derecho divino optando, paulatinamente, por el consenso y el contractualismo positivo. La creaci\u00f3n de este dios mortal hobbesiano se bas\u00f3 en tal libertad luciferina, sin m\u00e1s frenos y contrapesos que los autoimpuestos por la comunidad pol\u00edtica en continua ampliaci\u00f3n. El Nuevo Estado liberal uni\u00f3 su destino a esta nueva idea de libertad que por fuerza nos ha conducido al orden relativista posmoderno. En efecto, el relativismo es la consecuencia del uso cada vez m\u00e1s irrestricto de la libertad sin fronteras. Estamos ante la cr\u00f3nica de una muerte anunciada.<\/p>\n<p>Tambi\u00e9n el concepto de soberan\u00eda debe ser examinado. Siendo concebido intelectualmente como un poder exclusivo y excluyente, era evidente que bajo la direcci\u00f3n del nuevo concepto de libertad la soberan\u00eda popular, sin el freno del derecho natural, ser\u00eda capaz de crear un orden institucional fluctuante en funci\u00f3n de la voluntad general de los pueblos. Ciertamente, los padres fundadores del liberalismo eran conscientes de los peligros de su golem pol\u00edtico, e incluso llegaron a predecir los posibles excesos del Leviat\u00e1n. Sin embargo, ninguno manifest\u00f3 con claridad que aquello que estaban destruyendo (el Antiguo R\u00e9gimen) ser\u00eda reemplazado por la vol\u00e1til opini\u00f3n de una mayor\u00eda oscilante.<\/p>\n<p>Libertad y soberan\u00eda son conceptos limitables y limitados. Conviene retornar a la prudencia de los primeros liberales que desconfiaron de su propia creaci\u00f3n. Pero si queremos una mejor comunidad pol\u00edtica, y por ende un Estado m\u00e1s eficiente, es mucho mejor examinar la realidad sin apriorismos ni falsas premisas.<\/p>\n<p>Fuente: <a href=\"https:\/\/diariocorreo.pe\/opinion\/el-origen-del-estado-liberal-870489\/\">Columna de Mart\u00edn Santiba\u00f1ez<\/a><\/p>\n","protected":false},"excerpt":{"rendered":"<p>La transformaci\u00f3n del concepto de libertad se encuentra en la ra\u00edz del Estado liberal. La libertad cl\u00e1sica constre\u00f1ida por la realidad y el derecho natural sufri\u00f3 una mutaci\u00f3n esencial cuando el liberalismo renunci\u00f3 a las fronteras del derecho divino optando, paulatinamente, por el consenso y el contractualismo positivo. La creaci\u00f3n de este dios mortal hobbesiano [&hellip;]<\/p>\n","protected":false},"author":1,"featured_media":4769,"comment_status":"closed","ping_status":"closed","sticky":false,"template":"","format":"standard","meta":{"footnotes":""},"categories":[7,2],"tags":[],"class_list":["post-4768","post","type-post","status-publish","format-standard","has-post-thumbnail","hentry","category-noticias-liberales","category-portada"],"_links":{"self":[{"href":"https:\/\/ciudadliberal.cl\/index.php?rest_route=\/wp\/v2\/posts\/4768","targetHints":{"allow":["GET"]}}],"collection":[{"href":"https:\/\/ciudadliberal.cl\/index.php?rest_route=\/wp\/v2\/posts"}],"about":[{"href":"https:\/\/ciudadliberal.cl\/index.php?rest_route=\/wp\/v2\/types\/post"}],"author":[{"embeddable":true,"href":"https:\/\/ciudadliberal.cl\/index.php?rest_route=\/wp\/v2\/users\/1"}],"replies":[{"embeddable":true,"href":"https:\/\/ciudadliberal.cl\/index.php?rest_route=%2Fwp%2Fv2%2Fcomments&post=4768"}],"version-history":[{"count":2,"href":"https:\/\/ciudadliberal.cl\/index.php?rest_route=\/wp\/v2\/posts\/4768\/revisions"}],"predecessor-version":[{"id":4771,"href":"https:\/\/ciudadliberal.cl\/index.php?rest_route=\/wp\/v2\/posts\/4768\/revisions\/4771"}],"wp:featuredmedia":[{"embeddable":true,"href":"https:\/\/ciudadliberal.cl\/index.php?rest_route=\/wp\/v2\/media\/4769"}],"wp:attachment":[{"href":"https:\/\/ciudadliberal.cl\/index.php?rest_route=%2Fwp%2Fv2%2Fmedia&parent=4768"}],"wp:term":[{"taxonomy":"category","embeddable":true,"href":"https:\/\/ciudadliberal.cl\/index.php?rest_route=%2Fwp%2Fv2%2Fcategories&post=4768"},{"taxonomy":"post_tag","embeddable":true,"href":"https:\/\/ciudadliberal.cl\/index.php?rest_route=%2Fwp%2Fv2%2Ftags&post=4768"}],"curies":[{"name":"wp","href":"https:\/\/api.w.org\/{rel}","templated":true}]}}