{"id":4748,"date":"2019-02-12T11:10:23","date_gmt":"2019-02-12T15:10:23","guid":{"rendered":"https:\/\/ciudadliberal.cl\/?p=4748"},"modified":"2019-02-12T11:11:16","modified_gmt":"2019-02-12T15:11:16","slug":"conoce-a-los-diputados-con-asistencia-perfecta-y-a-quienes-mas-se-ausentaron-en-2018","status":"publish","type":"post","link":"https:\/\/ciudadliberal.cl\/?p=4748","title":{"rendered":"Conoce a los diputados con asistencia perfecta y a quienes m\u00e1s se ausentaron en 2018"},"content":{"rendered":"<p>Tras el fin del a\u00f1o parlamentario, la C\u00e1mara de Diputados transparent\u00f3 la asistencia a las 134 sesiones de sala de todos sus integrantes.<\/p>\n<p>De esta manera, a trav\u00e9s de su p\u00e1gina web, destac\u00f3 la asistencia de Florcita Alarc\u00f3n (PH), Renato Gar\u00edn (RD), Harry J\u00fcrgensen (RN),<br \/>\nMiguel Mellado (RN), Francesca Mu\u00f1oz (RN), Jos\u00e9 Miguel Ortiz (DC),<br \/>\nJorge Rathgeb (RN), Ren\u00e9 Saffirio (IND), Marcelo Schilling (PS), V\u00edctor Torres (DC) y Gast\u00f3n Von M\u00fchlenbrock (UDI), con un 100%.<\/p>\n<p>En tanto, otros 31 legisladores tambi\u00e9n se anotaron con un 100% de asistencia, pero \u00e9stos tienen justificaciones a sesiones a las que no acudieron.<\/p>\n<p>En ese listado se encuentran Ren\u00e9 Alinco (PPD), Jenny \u00c1lvarez (PS), Gabriel Ascencio (DC), Bernardo Berger (RN), Jorge Brito (RD), Natalia Castillo (RD), Gonzalo Fuenzalida (RN), F\u00e9lix Gonz\u00e1lez (EV), Tom\u00e1s Hirsch (PH), Mar\u00eda Jos\u00e9 Hoffmann (UDI), Marcos Ilabaca (PS), Giorgio Jackson (RD), Sebasti\u00e1n Keitel (Evopoli), Carlos Kuschel (RN) y Andr\u00e9s Longton (RN).<\/p>\n<p>A los anteriores se sumaron Pablo Lorenzini (DC), Cosme Mellado (PR), Nicol\u00e1s Noman (UDI), Maite Orsini (RD), Pablo Prieto (RN), Patricio Rosas (PS), Alejandra Sep\u00falveda (FRVS), Gabriel Silver (DC), Ra\u00fal Soto (DC), Jaime Toh\u00e1 (PS), V\u00edctor Torres (DC), Ignacio Urrutia (IND), Mario Venegas (DC), Pablo Vidal (RD), Gonzalo Winter (RD) y Gael Yeomans (RD).<\/p>\n<p>Por otro lado, Diego Schalper (RN) se llev\u00f3 el \u00faltimo lugar con un 88.72%. En total, registr\u00f3 16 inasistencias justificadas debido a permisos por \u201cmotivos particulares sin goce de dieta\u201d, \u201cimpedimento grave\u201d, \u201cactividad propia de la labor parlamentaria\u201d y \u201cpermiso parental\u201d.<\/p>\n<p>Le siguieron Javier Macaya (UDI), Sof\u00eda Cid (RN) y Aracely Leuqu\u00e9n (RN), con 90.16% (23 justificaciones), 90.48% (20 justificaciones) y 90.70% (16 justificaciones), respectivamente.<\/p>\n<p>Paulina N\u00fa\u00f1ez (RN) y Carmen Hertz (PC), en tanto, registraron respectivamente un 91.06% (22 justificaciones) y 91.54% (12 justificaciones).<\/p>\n<p>Por su parte, Eduardo Dur\u00e1n (RN) y Luciano Cruz-Coke (Evopoli) se quedaron con el s\u00e9ptimo y octavo lugar, con 92.19% (15 justificaciones), y 92.31% (14 justificaciones).<\/p>\n<p>Cerraron el listado Pedro Vel\u00e1squez (FRVS), con un 93,08% (6 justificaciones) y Francisco Eguiguren (RN), con un 93.18% (11 justificaciones).<\/p>\n<p>Quienes m\u00e1s justificaciones presentaron fueron Fernando Meza (PR, 38), Jenny \u00c1lvarez (PS, 37), Sandra Amar (UDI, 34), Jaime Mulet (FRVS, 32) y Marisela Santib\u00e1\u00f1ez (PP, 30).<\/p>\n<p>Fuene:<a href=\"https:\/\/www.biobiochile.cl\/noticias\/nacional\/chile\/2019\/02\/11\/conoce-a-los-diputados-con-asistencia-perfecta-y-a-quienes-mas-se-ausentaron-en-2018.shtml\"> Biobio<\/a><\/p>\n","protected":false},"excerpt":{"rendered":"<p>Tras el fin del a\u00f1o parlamentario, la C\u00e1mara de Diputados transparent\u00f3 la asistencia a las 134 sesiones de sala de todos sus integrantes. De esta manera, a trav\u00e9s de su p\u00e1gina web, destac\u00f3 la asistencia de Florcita Alarc\u00f3n (PH), Renato Gar\u00edn (RD), Harry J\u00fcrgensen (RN), Miguel Mellado (RN), Francesca Mu\u00f1oz (RN), Jos\u00e9 Miguel Ortiz (DC), [&hellip;]<\/p>\n","protected":false},"author":1,"featured_media":4749,"comment_status":"closed","ping_status":"closed","sticky":false,"template":"","format":"standard","meta":{"footnotes":""},"categories":[2],"tags":[],"class_list":["post-4748","post","type-post","status-publish","format-standard","has-post-thumbnail","hentry","category-portada"],"_links":{"self":[{"href":"https:\/\/ciudadliberal.cl\/index.php?rest_route=\/wp\/v2\/posts\/4748","targetHints":{"allow":["GET"]}}],"collection":[{"href":"https:\/\/ciudadliberal.cl\/index.php?rest_route=\/wp\/v2\/posts"}],"about":[{"href":"https:\/\/ciudadliberal.cl\/index.php?rest_route=\/wp\/v2\/types\/post"}],"author":[{"embeddable":true,"href":"https:\/\/ciudadliberal.cl\/index.php?rest_route=\/wp\/v2\/users\/1"}],"replies":[{"embeddable":true,"href":"https:\/\/ciudadliberal.cl\/index.php?rest_route=%2Fwp%2Fv2%2Fcomments&post=4748"}],"version-history":[{"count":1,"href":"https:\/\/ciudadliberal.cl\/index.php?rest_route=\/wp\/v2\/posts\/4748\/revisions"}],"predecessor-version":[{"id":4750,"href":"https:\/\/ciudadliberal.cl\/index.php?rest_route=\/wp\/v2\/posts\/4748\/revisions\/4750"}],"wp:featuredmedia":[{"embeddable":true,"href":"https:\/\/ciudadliberal.cl\/index.php?rest_route=\/wp\/v2\/media\/4749"}],"wp:attachment":[{"href":"https:\/\/ciudadliberal.cl\/index.php?rest_route=%2Fwp%2Fv2%2Fmedia&parent=4748"}],"wp:term":[{"taxonomy":"category","embeddable":true,"href":"https:\/\/ciudadliberal.cl\/index.php?rest_route=%2Fwp%2Fv2%2Fcategories&post=4748"},{"taxonomy":"post_tag","embeddable":true,"href":"https:\/\/ciudadliberal.cl\/index.php?rest_route=%2Fwp%2Fv2%2Ftags&post=4748"}],"curies":[{"name":"wp","href":"https:\/\/api.w.org\/{rel}","templated":true}]}}