{"id":4745,"date":"2019-02-12T11:04:03","date_gmt":"2019-02-12T15:04:03","guid":{"rendered":"https:\/\/ciudadliberal.cl\/?p=4745"},"modified":"2019-02-12T11:04:03","modified_gmt":"2019-02-12T15:04:03","slug":"cadem-el-62-cree-que-frei-montalva-fue-asesinado-por-la-dictadura-y-el-25-por-negligencia-medica","status":"publish","type":"post","link":"https:\/\/ciudadliberal.cl\/?p=4745","title":{"rendered":"Cadem: El 62% cree que Frei Montalva fue asesinado por la dictadura y el 25% por negligencia m\u00e9dica"},"content":{"rendered":"<p>De acuerdo a la medici\u00f3n semanal, la cifra aumenta entre quienes se consideran de centro y de izquierda. Quienes se definen de derecha, en tanto, dan m\u00e1s espacio a la muerte por negligencia m\u00e9dica del ex presidente de la Rep\u00fablica.<\/p>\n<p>Durante esta jornada se dio a conocer la \u00faltima encuesta Cadem, que tuvo una medici\u00f3n especial sobre el fallo del juez Alejandro Madrid por el homicidio del ex presidente Eduardo Frei Montalva.<\/p>\n<p>El 30 de enero pasado, el magistrado resolvi\u00f3 -en un escrito de 811 p\u00e1ginas- que la muerte del ex jefe de Estado fue por homicidio , y conden\u00f3 a cuatro m\u00e9dicos, al chofer del dem\u00f3cratacristiana y a un ex agente civil de la CNI.<\/p>\n<p>Tras esto, el sondeo midi\u00f3 la percepci\u00f3n de la gente respecto de las causas de muerte de Frei Montalva, y as\u00ed, se estableci\u00f3 que el 62% de la poblaci\u00f3n considera que \u00e9ste fue asesinado por la dictadura, el 25% por negligencia de sus m\u00e9dicos y el 13% por complicaciones en la operaci\u00f3n.<\/p>\n<p>Entre quienes se consideran de izquierda, el n\u00famero de quienes creen que la dictadura tuvo responsabilidad en la muerte del falangista aumenta a un 90% y baja a un 64% entre las personas de centro, y a un 39% entre quienes son de derecha.<\/p>\n<p>Por otra parte, una supuesta negligencia de los m\u00e9dicos es avalada en un 38% entre las personas de derecha, en un 20% entre los de centro y en un 6% entre quienes se definen de izquierda.<\/p>\n<p>Fuente: <a href=\"https:\/\/www.latercera.com\/politica\/noticia\/cadem-62-cree-frei-montalva-fue-asesinado-la-dictadura-25-negligencia-medica\/523344\/\">La Tercera<\/a><\/p>\n","protected":false},"excerpt":{"rendered":"<p>De acuerdo a la medici\u00f3n semanal, la cifra aumenta entre quienes se consideran de centro y de izquierda. Quienes se definen de derecha, en tanto, dan m\u00e1s espacio a la muerte por negligencia m\u00e9dica del ex presidente de la Rep\u00fablica. Durante esta jornada se dio a conocer la \u00faltima encuesta Cadem, que tuvo una medici\u00f3n [&hellip;]<\/p>\n","protected":false},"author":1,"featured_media":4746,"comment_status":"closed","ping_status":"closed","sticky":false,"template":"","format":"standard","meta":{"footnotes":""},"categories":[16,2],"tags":[],"class_list":["post-4745","post","type-post","status-publish","format-standard","has-post-thumbnail","hentry","category-internet","category-portada"],"_links":{"self":[{"href":"https:\/\/ciudadliberal.cl\/index.php?rest_route=\/wp\/v2\/posts\/4745","targetHints":{"allow":["GET"]}}],"collection":[{"href":"https:\/\/ciudadliberal.cl\/index.php?rest_route=\/wp\/v2\/posts"}],"about":[{"href":"https:\/\/ciudadliberal.cl\/index.php?rest_route=\/wp\/v2\/types\/post"}],"author":[{"embeddable":true,"href":"https:\/\/ciudadliberal.cl\/index.php?rest_route=\/wp\/v2\/users\/1"}],"replies":[{"embeddable":true,"href":"https:\/\/ciudadliberal.cl\/index.php?rest_route=%2Fwp%2Fv2%2Fcomments&post=4745"}],"version-history":[{"count":1,"href":"https:\/\/ciudadliberal.cl\/index.php?rest_route=\/wp\/v2\/posts\/4745\/revisions"}],"predecessor-version":[{"id":4747,"href":"https:\/\/ciudadliberal.cl\/index.php?rest_route=\/wp\/v2\/posts\/4745\/revisions\/4747"}],"wp:featuredmedia":[{"embeddable":true,"href":"https:\/\/ciudadliberal.cl\/index.php?rest_route=\/wp\/v2\/media\/4746"}],"wp:attachment":[{"href":"https:\/\/ciudadliberal.cl\/index.php?rest_route=%2Fwp%2Fv2%2Fmedia&parent=4745"}],"wp:term":[{"taxonomy":"category","embeddable":true,"href":"https:\/\/ciudadliberal.cl\/index.php?rest_route=%2Fwp%2Fv2%2Fcategories&post=4745"},{"taxonomy":"post_tag","embeddable":true,"href":"https:\/\/ciudadliberal.cl\/index.php?rest_route=%2Fwp%2Fv2%2Ftags&post=4745"}],"curies":[{"name":"wp","href":"https:\/\/api.w.org\/{rel}","templated":true}]}}