{"id":4742,"date":"2019-02-12T10:58:32","date_gmt":"2019-02-12T14:58:32","guid":{"rendered":"https:\/\/ciudadliberal.cl\/?p=4742"},"modified":"2019-02-12T10:58:48","modified_gmt":"2019-02-12T14:58:48","slug":"senado-pago-247-millones-en-viaticos-nacionales-en-2018","status":"publish","type":"post","link":"https:\/\/ciudadliberal.cl\/?p=4742","title":{"rendered":"Senado pag\u00f3 $247 millones en vi\u00e1ticos nacionales en 2018"},"content":{"rendered":"<p>Entre $912 mil y $9,3 millones fueron los montos recibidos por los representantes de la C\u00e1mara Alta por asistir al Congreso y a otras actividades parlamentarias.<\/p>\n<p>Cu\u00e1ndo y c\u00f3mo pagar los vi\u00e1ticos nacionales. Esa es la encrucijada que al interior del Congreso y del Consejo Resolutivo de Asignaciones se busca resolver.<\/p>\n<p>La ley establece que a senadores y diputados, al igual que todos los funcionarios del sector p\u00fablico, tienen derecho a esta asignaci\u00f3n cuando \u201cdeban ausentarse del lugar de su desempe\u00f1o habitual, dentro del territorio de la rep\u00fablica\u201d.<\/p>\n<p>Para los parlamentarios la precisi\u00f3n de ese punto no es f\u00e1cil, dado que, en muchos casos, viven en una ciudad, trabajan en otra (Valpara\u00edso), pero representan a una regi\u00f3n distinta.<\/p>\n<p>Actualmente un d\u00eda de vi\u00e1tico asciende a un monto de $78.621 por cada d\u00eda con pernoctaci\u00f3n, o bien, a $31.448 cuando no haya alojamiento.<\/p>\n<p>La Tercera tuvo acceso al detalle de los montos pagados en el Senado en virtud de esta asignaci\u00f3n. Seg\u00fan la informaci\u00f3n entregada -que a diferencia de la C\u00e1mara de Diputados posee precisiones sobre los d\u00edas pagados y un orden respecto de cu\u00e1ndo se pag\u00f3 por meses sin semana distrital- en total, entre marzo y noviembre de 2018, la corporaci\u00f3n desembols\u00f3 la cifra de $247 millones entre los 43 senadores en ejercicio (ver detalle en infograf\u00eda).<\/p>\n<p>El total da un promedio de $5,7 millones por senador, siendo el pago m\u00e1s alto el del senador por el Maule, \u00c1lvaro Elizalde (PS) con $9,3 millones; y el m\u00e1s bajo el de Ricardo Lagos (PPD), senador por la V Regi\u00f3n, con $912 mil.<\/p>\n<p>Seg\u00fan explican desde la administraci\u00f3n del Senado, gran parte de los vi\u00e1ticos se genera de manera autom\u00e1tica v\u00eda registro de asistencia a las sesiones de Sala en Valpara\u00edso y a las distintas comisiones realizadas en Santiago, Valpara\u00edso y otras regiones como zonas extremas.<\/p>\n<p>Asimismo, se precisa que el Consejo Resolutivo de Asignaciones Parlamentarias especific\u00f3 que no se paga solo en virtud de la asistencia al Congreso, sino adem\u00e1s por tareas propias de su labor que involucren traslado.<\/p>\n<p>Haciendo una comparaci\u00f3n con la C\u00e1mara, los senadores con montos m\u00e1s altos superan en vi\u00e1ticos a los diputados con montos m\u00e1s altos: la diputada PR, Marcela Hernando, percibi\u00f3 la cifra m\u00e1s alta de $7,4 millones entre marzo y octubre de 2018, mientras que en el Senado, en ese periodo, hay pagos de hasta $8,1 millones.<\/p>\n<h2>Asistencias<\/h2>\n<p>En la revisi\u00f3n de los vi\u00e1ticos por senador, La Tercera compar\u00f3 las asistencias de los senadores a sus distintas labores en ambas sedes del Congreso haciendo hincapi\u00e9 en los pagos por montos m\u00e1s altos.<\/p>\n<p>As\u00ed, para el caso del senador por El Maule, Elizalde -quien vive en Santiago pero tiene otro domicilio en la regi\u00f3n que representa- su asistencia a las sedes del Congreso de Santiago y de Valpara\u00edso asciende a un total de 100 d\u00edas respecto del periodo analizado. Sin embargo, su pago de $9,3 millones contempla 119 d\u00edas de vi\u00e1tico.<\/p>\n<p>Desde su equipo de prensa se\u00f1alaron que \u00e9l \u201ces el \u00fanico senador con 100% de asistencia a sesiones de sala y comisiones de todo el Senado\u201d. Y que \u201cesta asignaci\u00f3n a la que se hace referencia corresponde a sesiones del Senado, as\u00ed como a seminarios y audiencias p\u00fablicas para labores legislativas en la sede del Congreso Nacional, conforme a lo que establece la regulaci\u00f3n del Consejo de Asignaciones\u201d.<\/p>\n<p>Al senador se le pagaron todas sus asistencias al Congreso de Santiago.<\/p>\n<p>La senadora por Tarapac\u00e1, Luz Ebensperger (UDI) , aparece con 114 d\u00edas pagados y 67 asistencias a ambas sedes del Parlamento. El excedente de d\u00edas, dice la propia senadora, se debe a otra labores parlamentarias, como un viaje a Antofagasta -ella vive en Iquique- respecto al Plan Frontera Segura y recurrentes audiencias en Santiago con el gobierno central por asuntos de su regi\u00f3n.<\/p>\n<p>Por su parte, el senador RN por La Araucan\u00eda, Jos\u00e9 Garc\u00eda, aparece con 92 asistencias -tambi\u00e9n Santiago y Valpara\u00edso- y se le pag\u00f3 $8,8 millones por 113 d\u00edas. El senador explica que ha debido reunirse con ministros y autoridades. \u201cCada mes se justifican esos d\u00edas adicionales\u201d, agrega el senador. En efecto, desde el Senado aluden a un formulario que deben llenar los senadores cuando hay d\u00edas de vi\u00e1ticos extras.<\/p>\n<p>El senador UDI, Juan Antonio Coloma figura con $8,4 millones pagados por 107 d\u00edas de vi\u00e1tico. Su asistencia al Congreso -donde se incluye comisiones en Santiago ciudad donde tiene su residencia- es de 84 d\u00edas. Desde el el entorno del senador explican que los pagos est\u00e1n ajustados a la normativa y que ha debido realizar otras actividades parlamentarias. Tiene otra residencia en Talca.<\/p>\n<p><img loading=\"lazy\" decoding=\"async\" class=\"size-full wp-image-523683 aligncenter\" src=\"https:\/\/s1.latercera.com\/wp-content\/uploads\/2019\/02\/viaticosWEB.jpg\" sizes=\"auto, (max-width: 960px) 100vw, 960px\" srcset=\"https:\/\/s1.latercera.com\/wp-content\/uploads\/2019\/02\/viaticosWEB.jpg 960w, https:\/\/s1.latercera.com\/wp-content\/uploads\/2019\/02\/viaticosWEB-768x1945.jpg 768w\" alt=\"\" width=\"960\" height=\"2431\" \/><\/p>\n<p>&nbsp;<\/p>\n","protected":false},"excerpt":{"rendered":"<p>Entre $912 mil y $9,3 millones fueron los montos recibidos por los representantes de la C\u00e1mara Alta por asistir al Congreso y a otras actividades parlamentarias. Cu\u00e1ndo y c\u00f3mo pagar los vi\u00e1ticos nacionales. Esa es la encrucijada que al interior del Congreso y del Consejo Resolutivo de Asignaciones se busca resolver. La ley establece que [&hellip;]<\/p>\n","protected":false},"author":1,"featured_media":4743,"comment_status":"closed","ping_status":"closed","sticky":false,"template":"","format":"standard","meta":{"footnotes":""},"categories":[16,2],"tags":[],"class_list":["post-4742","post","type-post","status-publish","format-standard","has-post-thumbnail","hentry","category-internet","category-portada"],"_links":{"self":[{"href":"https:\/\/ciudadliberal.cl\/index.php?rest_route=\/wp\/v2\/posts\/4742","targetHints":{"allow":["GET"]}}],"collection":[{"href":"https:\/\/ciudadliberal.cl\/index.php?rest_route=\/wp\/v2\/posts"}],"about":[{"href":"https:\/\/ciudadliberal.cl\/index.php?rest_route=\/wp\/v2\/types\/post"}],"author":[{"embeddable":true,"href":"https:\/\/ciudadliberal.cl\/index.php?rest_route=\/wp\/v2\/users\/1"}],"replies":[{"embeddable":true,"href":"https:\/\/ciudadliberal.cl\/index.php?rest_route=%2Fwp%2Fv2%2Fcomments&post=4742"}],"version-history":[{"count":1,"href":"https:\/\/ciudadliberal.cl\/index.php?rest_route=\/wp\/v2\/posts\/4742\/revisions"}],"predecessor-version":[{"id":4744,"href":"https:\/\/ciudadliberal.cl\/index.php?rest_route=\/wp\/v2\/posts\/4742\/revisions\/4744"}],"wp:featuredmedia":[{"embeddable":true,"href":"https:\/\/ciudadliberal.cl\/index.php?rest_route=\/wp\/v2\/media\/4743"}],"wp:attachment":[{"href":"https:\/\/ciudadliberal.cl\/index.php?rest_route=%2Fwp%2Fv2%2Fmedia&parent=4742"}],"wp:term":[{"taxonomy":"category","embeddable":true,"href":"https:\/\/ciudadliberal.cl\/index.php?rest_route=%2Fwp%2Fv2%2Fcategories&post=4742"},{"taxonomy":"post_tag","embeddable":true,"href":"https:\/\/ciudadliberal.cl\/index.php?rest_route=%2Fwp%2Fv2%2Ftags&post=4742"}],"curies":[{"name":"wp","href":"https:\/\/api.w.org\/{rel}","templated":true}]}}