{"id":4739,"date":"2019-02-11T15:42:46","date_gmt":"2019-02-11T19:42:46","guid":{"rendered":"https:\/\/ciudadliberal.cl\/?p=4739"},"modified":"2019-02-11T15:42:46","modified_gmt":"2019-02-11T19:42:46","slug":"renovar-la-ruta-del-liberalismo","status":"publish","type":"post","link":"https:\/\/ciudadliberal.cl\/?p=4739","title":{"rendered":"Renovar la ruta del liberalismo"},"content":{"rendered":"<p>[Honduras] Ha arribado a sus 128 a\u00f1os de existencia la instituci\u00f3n hist\u00f3rica m\u00e1s venerada del pa\u00eds, lo hace en medio de una crisis generalizada de la clase pol\u00edtica, quien ha perdido la confianza de la ciudadan\u00eda por los yerros cometidos en el pasado reciente y por viejas y destructivas pr\u00e1cticas que no han permitido a los partidos, representar los intereses de las mayor\u00edas sino, los de cerradas c\u00fapulas o de caudillos inmersos en el culto a la personalidad que han impuesto su voluntad a trav\u00e9s del tiempo y que equivocadamente se aferran al poder que anta\u00f1o tuvieron sin entender que es tiempo de darle paso a una nueva generaci\u00f3n de hondure\u00f1os que, con otra visi\u00f3n, han tomado las riendas de las instituciones partidarias, en especial en el Partido Liberal con el liderazgo renovador de Luis Zelaya.<\/p>\n<p>Los retos para toda la clase pol\u00edtica en general y para el PL en particular son grandes y riesgosos, implican modernizar el mensaje, la estructura, la capacidad tecnol\u00f3gica y organizativa de la instituci\u00f3n, construir un mensaje de unidad pero de una unidad con lealtad al pa\u00eds, al partido y a sus estatutos, reglamentos y principios, a sus autoridades leg\u00edtimamente constituidas, a sus bases a lo largo y ancho de la geograf\u00eda patria que esperan madurez y consistencia de quienes les dirigen, requiere de la capacidad de negociaci\u00f3n interna de nuestros l\u00edderes, de niveles de tolerancia y respeto por las ideas y planteamientos de otros, actuando bajo el manto de nuestra bandera y de lo que ha representado a lo largo de 128 a\u00f1os de historia.<\/p>\n<p>Las crisis no son ajenas al PL, desde su fundaci\u00f3n hemos vivido en ellas, cuando Policarpo Bonilla se enfrasc\u00f3 en un pleito con Manuel Bonilla por determinar qui\u00e9n ser\u00eda el candidato presidencial del partido, de ah\u00ed surgi\u00f3 el PN y as\u00ed en otras crisis hemos dado nacimiento a otros partidos y siempre hemos sabido superarlas y esta vez no ser\u00e1 la excepci\u00f3n; cada quien debe aportar su granito de arena, desde la autoridad m\u00e1xima hasta el \u00faltimo liberal, en el \u00faltimo rinc\u00f3n patrio devenimos obligados a buscar construir puentes de entendimiento entre todos, formas de explicarle a nuestros correligionarios los retos que tenemos en cada barrio, en cada aldea, municipio y departamento de Honduras y encontrar con ellos, las soluciones adecuadas para representar as\u00ed sus anhelos y esperanzas.<\/p>\n<p>Hay que entender que el relevo generacional es necesario y que no solo involucra cambio de caras, sino m\u00e1s bien de actitudes, de comportamientos y acciones, que para que algo nuevo nazca y persista algo viejo tiene que ceder y morir, en este caso, la vieja f\u00f3rmula de hacer pol\u00edtica es obsoleta y da\u00f1ina para la instituci\u00f3n, porque no le aporta nada m\u00e1s que conflictos, desavenencias y crisis al partido, los l\u00edderes hist\u00f3ricos deben dar un paso al costado y ser los grandes consejeros y amigables componedores en los conflictos, sin estar pensando en obtener cuotas de poder o en formas de seguir mangoneando al partido desde afuera cuando la historia y el liberalismo nos reclama sacrificio y compostura hacia adentro e inteligencia y dignidad hacia afuera.<\/p>\n<p>Muy respetuosamente hago un llamado al PN para que deje de seguir metiendo sus manos en los asuntos internos del PL, solo para proteger intereses mezquinos y a veces personales, de individuos cuestionados por sus actos re\u00f1idos con la ley, no les gustar\u00eda y no les gustar\u00e1 que alguien m\u00e1s decida por ellos cuando salga a la luz p\u00fablica la crisis interna que tienen, respeten para ser respetados, atiendan a quienes leg\u00edtimamente tienen el poder de nuestra instituci\u00f3n, no a otros que buscan satisfacer sus mezquinas intenciones, aprendan ahora o paguen el precio despu\u00e9s, est\u00e1n a tiempo.<\/p>\n<p>Finalmente, un llamado a nuestra militancia, a la juventud en particular, para que se acerquen a la instituci\u00f3n a prestar su concurso decidido por su engrandecimiento, por su adecentamiento, por su renovaci\u00f3n institucional, por su modernizaci\u00f3n y organizaci\u00f3n, por su apertura inteligente a las nuevas tecnolog\u00edas de la comunicaci\u00f3n y la formulaci\u00f3n de un mensaje claro, consistente, moderno y amplio que le llegue a las grandes mayor\u00edas pero en especial a sus iguales, a los miles y miles de j\u00f3venes hondure\u00f1os que han perdido la fe en la democracia, lo cual es peligroso, en las instituciones, en los partidos y en particular en el nuestro, las puertas est\u00e1n abiertas, las antorchas encendidas, las tribunas listas, la esperanza contin\u00faa, la marcha sigue y nuestro sue\u00f1o liberal jam\u00e1s morir\u00e1.<\/p>\n<p>(*) Catedr\u00e1tico universitario. Secretario general del Partido Liberal.<\/p>\n<p>Fuente: <a href=\"http:\/\/www.latribuna.hn\/2019\/02\/10\/renovar-la-ruta-del-liberalismo\/\">La Tribuna<\/a><\/p>\n","protected":false},"excerpt":{"rendered":"<p>[Honduras] Ha arribado a sus 128 a\u00f1os de existencia la instituci\u00f3n hist\u00f3rica m\u00e1s venerada del pa\u00eds, lo hace en medio de una crisis generalizada de la clase pol\u00edtica, quien ha perdido la confianza de la ciudadan\u00eda por los yerros cometidos en el pasado reciente y por viejas y destructivas pr\u00e1cticas que no han permitido a [&hellip;]<\/p>\n","protected":false},"author":1,"featured_media":4740,"comment_status":"closed","ping_status":"closed","sticky":false,"template":"","format":"standard","meta":{"footnotes":""},"categories":[7,2],"tags":[],"class_list":["post-4739","post","type-post","status-publish","format-standard","has-post-thumbnail","hentry","category-noticias-liberales","category-portada"],"_links":{"self":[{"href":"https:\/\/ciudadliberal.cl\/index.php?rest_route=\/wp\/v2\/posts\/4739","targetHints":{"allow":["GET"]}}],"collection":[{"href":"https:\/\/ciudadliberal.cl\/index.php?rest_route=\/wp\/v2\/posts"}],"about":[{"href":"https:\/\/ciudadliberal.cl\/index.php?rest_route=\/wp\/v2\/types\/post"}],"author":[{"embeddable":true,"href":"https:\/\/ciudadliberal.cl\/index.php?rest_route=\/wp\/v2\/users\/1"}],"replies":[{"embeddable":true,"href":"https:\/\/ciudadliberal.cl\/index.php?rest_route=%2Fwp%2Fv2%2Fcomments&post=4739"}],"version-history":[{"count":1,"href":"https:\/\/ciudadliberal.cl\/index.php?rest_route=\/wp\/v2\/posts\/4739\/revisions"}],"predecessor-version":[{"id":4741,"href":"https:\/\/ciudadliberal.cl\/index.php?rest_route=\/wp\/v2\/posts\/4739\/revisions\/4741"}],"wp:featuredmedia":[{"embeddable":true,"href":"https:\/\/ciudadliberal.cl\/index.php?rest_route=\/wp\/v2\/media\/4740"}],"wp:attachment":[{"href":"https:\/\/ciudadliberal.cl\/index.php?rest_route=%2Fwp%2Fv2%2Fmedia&parent=4739"}],"wp:term":[{"taxonomy":"category","embeddable":true,"href":"https:\/\/ciudadliberal.cl\/index.php?rest_route=%2Fwp%2Fv2%2Fcategories&post=4739"},{"taxonomy":"post_tag","embeddable":true,"href":"https:\/\/ciudadliberal.cl\/index.php?rest_route=%2Fwp%2Fv2%2Ftags&post=4739"}],"curies":[{"name":"wp","href":"https:\/\/api.w.org\/{rel}","templated":true}]}}