{"id":4735,"date":"2019-02-11T14:50:59","date_gmt":"2019-02-11T18:50:59","guid":{"rendered":"https:\/\/ciudadliberal.cl\/?p=4735"},"modified":"2019-02-11T14:50:59","modified_gmt":"2019-02-11T18:50:59","slug":"los-chalecos-amarillos-pierden-fuerza-en-medio-de-nuevos-disturbios","status":"publish","type":"post","link":"https:\/\/ciudadliberal.cl\/?p=4735","title":{"rendered":"Los \u00abchalecos amarillos\u00bb pierden fuerza en medio de nuevos disturbios"},"content":{"rendered":"<p class=\"news-detail__paragraph news-detail__paragraph--first-letter\">Como es habitual desde el mes de noviembre, los \u00abchalecos amarillos\u00bb salieron ayer a la calle. Quedan los m\u00e1s determinados, 51.400 en toda Francia, seg\u00fan indic\u00f3 el Ministerio del Interior. Ahora que la subida de los impuestos sobre los carburantes ha quedado anulada, las peticiones se centran en la instauraci\u00f3n del refer\u00e9ndum de iniciativa ciudadana o la dimisi\u00f3n de Emmanuel Macron. Las manifestaciones fueron pac\u00edficas en su mayor\u00eda, excepto en grandes ciudades como Burdeos, Toulouse, Lorient y, especialmente, en Par\u00eds. El cortejo de la capital parti\u00f3 del Arco del Triunfo hacia la Torre Eiffel, pero a su paso por la Asamblea Nacional, cuando algunos manifestantes quisieron entrar en el edificio, un fot\u00f3grafo recibi\u00f3 una granada lacrim\u00f3gena y al intentar relanzarla le explot\u00f3 en la mano, arranc\u00e1ndosela. Entre las 4.000 personas que se manifestaron en la capital (10.500 el s\u00e1bado anterior), un grupo de 150 ultraizquierdistas volvieron a causar numerosos da\u00f1os materiales atacando agencias bancarias y comercios y destrozando mobiliario urbano. Tambi\u00e9n quemaron un veh\u00edculo militar de la misi\u00f3n Sentinelle de vigilancia antiterrorista, un \u00abataque intolerable\u00bb, seg\u00fan el titular de Interior, Christophe Castaner.<\/p>\n<p class=\"news-detail__paragraph\">La decimotercera jornada de movilizaciones tuvo lugar tras un conflicto diplom\u00e1tico sin igual entre los gobiernos franc\u00e9s e italiano desde el final de la Guerra Mundial. El embajador galoen Italia fue llamado a consultas el jueves, despu\u00e9s del apoyo de Matteo Salvini a los \u00abchalecos amarillos\u00bb, y sobre todo tras el encuentro del l\u00edder del Movimiento Cinco Estrellas, Luigi di Maio, con algunos de ellos.<\/p>\n<p class=\"news-detail__paragraph\">Sin embargo, las figuras prominentes de los \u00abchalecos\u00bb no hacen frente com\u00fan respecto al apoyo de las autoridades italianas. Christophe Chalen\u00e7on es uno de los que se reuni\u00f3 en Montargis con el vicepresidente Di Maio, \u00abun verdadero representante del pueblo\u00bb, dijo, al que compar\u00f3 con Macron, \u00abincapaz\u00bb de reunirse con la gente \u00absin una escolta de 1.500 funcionarios\u00bb. Sin embargo, Maxime Nicolle, alias \u00abFly Rider \u00bb, califica la iniciativa italiana de \u00abintento de recuperaci\u00f3n pol\u00edtica\u00bb. \u00c9l quiso desplazarse ayer a Vintimille, para respaldar a los \u00abchalecos amarillos\u00bb italianos pero la Polic\u00eda le bloque\u00f3 el paso.<\/p>\n<p>Fuente: <a href=\"https:\/\/www.larazon.es\/internacional\/los-chalecos-amarillos-toman-de-nuevo-paris-DN21866544\">La Raz\u00f3n<\/a><\/p>\n","protected":false},"excerpt":{"rendered":"<p>Como es habitual desde el mes de noviembre, los \u00abchalecos amarillos\u00bb salieron ayer a la calle. Quedan los m\u00e1s determinados, 51.400 en toda Francia, seg\u00fan indic\u00f3 el Ministerio del Interior. Ahora que la subida de los impuestos sobre los carburantes ha quedado anulada, las peticiones se centran en la instauraci\u00f3n del refer\u00e9ndum de iniciativa ciudadana [&hellip;]<\/p>\n","protected":false},"author":1,"featured_media":4736,"comment_status":"closed","ping_status":"closed","sticky":false,"template":"","format":"standard","meta":{"footnotes":""},"categories":[14,2],"tags":[],"class_list":["post-4735","post","type-post","status-publish","format-standard","has-post-thumbnail","hentry","category-entertainment","category-portada"],"_links":{"self":[{"href":"https:\/\/ciudadliberal.cl\/index.php?rest_route=\/wp\/v2\/posts\/4735","targetHints":{"allow":["GET"]}}],"collection":[{"href":"https:\/\/ciudadliberal.cl\/index.php?rest_route=\/wp\/v2\/posts"}],"about":[{"href":"https:\/\/ciudadliberal.cl\/index.php?rest_route=\/wp\/v2\/types\/post"}],"author":[{"embeddable":true,"href":"https:\/\/ciudadliberal.cl\/index.php?rest_route=\/wp\/v2\/users\/1"}],"replies":[{"embeddable":true,"href":"https:\/\/ciudadliberal.cl\/index.php?rest_route=%2Fwp%2Fv2%2Fcomments&post=4735"}],"version-history":[{"count":2,"href":"https:\/\/ciudadliberal.cl\/index.php?rest_route=\/wp\/v2\/posts\/4735\/revisions"}],"predecessor-version":[{"id":4738,"href":"https:\/\/ciudadliberal.cl\/index.php?rest_route=\/wp\/v2\/posts\/4735\/revisions\/4738"}],"wp:featuredmedia":[{"embeddable":true,"href":"https:\/\/ciudadliberal.cl\/index.php?rest_route=\/wp\/v2\/media\/4736"}],"wp:attachment":[{"href":"https:\/\/ciudadliberal.cl\/index.php?rest_route=%2Fwp%2Fv2%2Fmedia&parent=4735"}],"wp:term":[{"taxonomy":"category","embeddable":true,"href":"https:\/\/ciudadliberal.cl\/index.php?rest_route=%2Fwp%2Fv2%2Fcategories&post=4735"},{"taxonomy":"post_tag","embeddable":true,"href":"https:\/\/ciudadliberal.cl\/index.php?rest_route=%2Fwp%2Fv2%2Ftags&post=4735"}],"curies":[{"name":"wp","href":"https:\/\/api.w.org\/{rel}","templated":true}]}}