{"id":4700,"date":"2019-02-06T10:11:37","date_gmt":"2019-02-06T14:11:37","guid":{"rendered":"https:\/\/ciudadliberal.cl\/?p=4700"},"modified":"2019-02-06T10:11:58","modified_gmt":"2019-02-06T14:11:58","slug":"macron-inicia-una-gira-por-los-suburbios","status":"publish","type":"post","link":"https:\/\/ciudadliberal.cl\/?p=4700","title":{"rendered":"Macron inicia una gira por los suburbios"},"content":{"rendered":"<p>Esta gira quiere ser un \u00abgran debate\u00bb con los representantes de los suburbios, que se sienten \u00absegregados\u00bb y abandonados por Macron.<\/p>\n<p>El presidente franc\u00e9s Emmanuel Macron, ha admitido que ha habido un \u00abclaro desajuste en igualdad\u00bb en los suburbios franceses y en las afueras, mientras que \u00e9l recorre estos municipios para evitar que la fiebre de los &#8216;chalecos amarillos&#8217; se replique en los barrios colindantes con Par\u00eds.<\/p>\n<p>Macron ha dicho que el Estado \u00abdebe garantizar justicia social\u00bb y frenar la situaci\u00f3n de las personas desfavorecidas en las \u00e1reas suburbanas, quienes dice que se encuentran en una especie de \u00abarresto domiciliario social\u00bb.<\/p>\n<p>El presidente franc\u00e9s ha hecho una ruta por muchos de estos lugares en el llamado banlieue (suburbio en franc\u00e9s), reuni\u00e9ndose durante horas con los alcaldes y los activistas locales. \u00abPodemos hacerlo mejor gastando menos, si gastamos en los lugares adecuados\u00bb, ha dicho Macron.<\/p>\n<p>El gobierno de Macron se ha visto interrumpido por las protestas de los &#8216;chalecos amarillos&#8217;, tiempo durante el cual las pol\u00edticas empresariales y su programa para revisar el trabajo y el estado de bienestar se han estancado.<\/p>\n<p>Ahora,intentar\u00e1 redimirse en su prometida \u00abtransformaci\u00f3n\u00bb en Francia con este \u00abgran debate\u00bb -que durar\u00e1 hasta marzo- a trav\u00e9s de las reuniones con los ediles de los municipios, donde podr\u00e1n dar su opini\u00f3n sobre temas como los impuestos, la democracia, el medioambiente y el rumbo del pa\u00eds.<\/p>\n<p>Luchar contra la segregaci\u00f3n<br \/>\nEn esta ruta, como si se tratase de una campa\u00f1a electoral, pretende enmendar el descuido de las afueras, ya que no han tenido representaci\u00f3n real en las protestas de los &#8216;chalecos amarillos&#8217; que asaltaron el centro de Par\u00eds.<\/p>\n<p>Como parte de este programa, el pasado lunes Macron apareci\u00f3 en el municipio de \u00c9vry-Courcouronnes, a unos 32 kil\u00f3metros al sur de Par\u00eds, escuchando a la comunidad suburbial, donde sienten que se han olvidado de sus problemas y preocupaciones.<\/p>\n<p>En un gran corrillo, con una bandera francesa de fondo, micr\u00f3fono en mano y con la camisa arremangada, Macron se reuni\u00f3 con m\u00e1s de 300 funcionarios electos y l\u00edderes de los grupos comunitarios, quienes advirtieron al presidente de la \u00abguetizaci\u00f3n y la \u00absegregaci\u00f3n\u00bb de estas comunidades.<\/p>\n<p>El alcalde comunista de Grigny, Philippe Rio, se gan\u00f3 los aplausos de los presentes cuando dijo que las comunidades de las afueras no quieren \u00abcaridad, sino justicia\u00bb. Dijo que en Francia existe un \u00abapartheid territorial y social\u00bb y que no est\u00e1 siendo solucionado por el Estado. A\u00f1adi\u00f3 que en las afueras, los franceses sienten que la promesa de \u00ablibertad, igualdad y fraternidad\u00bb ha sido \u00abreservada para ciertas castas\u00bb.<\/p>\n<p>\u00ab\u00a1No nos abandones!\u00bb<br \/>\nMacron ha insistido en que acudiendo a los debates locales con los alcaldes \u00abescucho cosas que de otra manera no escuchar\u00eda\u00bb. Ha dicho que tiene \u00abconvicciones\u00bb pero no \u00abtodas las soluciones\u00bb, las cuales quiere ahora encontrar de manera colectiva. A\u00f1adi\u00f3 que si todo lo que ha hecho fuese perfecto, Francia no estar\u00eda en crisis.<\/p>\n<p>Un alcalde suburbial le rog\u00f3 a Macron: \u00ab\u00a1No nos abandones!\u00bb. A lo que el presidente respondi\u00f3: \u00abNo os abandonar\u00e9, eso no est\u00e1 en mi temperamento\u00bb.<\/p>\n<p>A pesar de que las encuestas han subido el apoyo a Macron gracias a los votantes de derechas que quieren frenar las protestas de los &#8216;chalecos amarillos&#8217;, su popularidad general contin\u00faa baja: entorno al 30%. Una mayor\u00eda de los franceses lo ven alejado de la realidad del pa\u00eds. Adem\u00e1s, una encuesta reciente realizada por Elabe asegura que, al menos, el 80% de los franceses lo ven como una persona autoritaria.<\/p>\n<p>Fuente: <a href=\"https:\/\/www.elespanol.com\/mundo\/20190205\/macron-admite-errores-chalecos-amarillos-inicia-suburbios\/373962881_0.html\">El Espa\u00f1ol<\/a><\/p>\n","protected":false},"excerpt":{"rendered":"<p>Esta gira quiere ser un \u00abgran debate\u00bb con los representantes de los suburbios, que se sienten \u00absegregados\u00bb y abandonados por Macron. El presidente franc\u00e9s Emmanuel Macron, ha admitido que ha habido un \u00abclaro desajuste en igualdad\u00bb en los suburbios franceses y en las afueras, mientras que \u00e9l recorre estos municipios para evitar que la fiebre [&hellip;]<\/p>\n","protected":false},"author":1,"featured_media":4701,"comment_status":"closed","ping_status":"closed","sticky":false,"template":"","format":"standard","meta":{"footnotes":""},"categories":[23,14,2],"tags":[],"class_list":["post-4700","post","type-post","status-publish","format-standard","has-post-thumbnail","hentry","category-macron","category-entertainment","category-portada"],"_links":{"self":[{"href":"https:\/\/ciudadliberal.cl\/index.php?rest_route=\/wp\/v2\/posts\/4700","targetHints":{"allow":["GET"]}}],"collection":[{"href":"https:\/\/ciudadliberal.cl\/index.php?rest_route=\/wp\/v2\/posts"}],"about":[{"href":"https:\/\/ciudadliberal.cl\/index.php?rest_route=\/wp\/v2\/types\/post"}],"author":[{"embeddable":true,"href":"https:\/\/ciudadliberal.cl\/index.php?rest_route=\/wp\/v2\/users\/1"}],"replies":[{"embeddable":true,"href":"https:\/\/ciudadliberal.cl\/index.php?rest_route=%2Fwp%2Fv2%2Fcomments&post=4700"}],"version-history":[{"count":1,"href":"https:\/\/ciudadliberal.cl\/index.php?rest_route=\/wp\/v2\/posts\/4700\/revisions"}],"predecessor-version":[{"id":4702,"href":"https:\/\/ciudadliberal.cl\/index.php?rest_route=\/wp\/v2\/posts\/4700\/revisions\/4702"}],"wp:featuredmedia":[{"embeddable":true,"href":"https:\/\/ciudadliberal.cl\/index.php?rest_route=\/wp\/v2\/media\/4701"}],"wp:attachment":[{"href":"https:\/\/ciudadliberal.cl\/index.php?rest_route=%2Fwp%2Fv2%2Fmedia&parent=4700"}],"wp:term":[{"taxonomy":"category","embeddable":true,"href":"https:\/\/ciudadliberal.cl\/index.php?rest_route=%2Fwp%2Fv2%2Fcategories&post=4700"},{"taxonomy":"post_tag","embeddable":true,"href":"https:\/\/ciudadliberal.cl\/index.php?rest_route=%2Fwp%2Fv2%2Ftags&post=4700"}],"curies":[{"name":"wp","href":"https:\/\/api.w.org\/{rel}","templated":true}]}}