{"id":4697,"date":"2019-02-05T10:42:41","date_gmt":"2019-02-05T14:42:41","guid":{"rendered":"https:\/\/ciudadliberal.cl\/?p=4697"},"modified":"2019-02-05T10:42:41","modified_gmt":"2019-02-05T14:42:41","slug":"exintendente-de-bachelet-y-senador-rn-piden-plebiscito-para-la-araucania","status":"publish","type":"post","link":"https:\/\/ciudadliberal.cl\/?p=4697","title":{"rendered":"Exintendente de Bachelet y senador RN piden plebiscito para La Araucan\u00eda"},"content":{"rendered":"<p>Propuesta ha sido socializada con comunidades mapuches, familiares de v\u00edctimas, la Conadi y el monse\u00f1or H\u00e9ctor Vargas.<\/p>\n<p>Hace poco m\u00e1s de dos meses, el senador RN Francisco Chahu\u00e1n y el exintendente de La Araucan\u00eda durante el gobierno de Michelle Bachelet, Andr\u00e9s Jouannet (ex DC), comenzaron a trabajar en una propuesta para enfrentar la crisis que atraviesa la regi\u00f3n y que se agudiz\u00f3 el 14 de noviembre, tras la muerte del comunero mapuche Camilo Catrillanca.<\/p>\n<p>As\u00ed, luego de varias conversaciones, ambos concluyeron que \u201cla \u00fanica alternativa\u201d para encarar el contexto de polarizaci\u00f3n actual de la zona es realizar un plebiscito vinculante que convoque tanto a mapuches como a no mapuches, que sirva de base para impulsar el di\u00e1logo en la regi\u00f3n y, asimismo, para las diversas pol\u00edticas y planes que se implementen.<\/p>\n<p>Es en el marco de ese esfuerzo que ambos redactaron un documento -al que tuvo acceso\u00a0<strong>La Tercera<\/strong>\u2013 en el que aseguran que \u201cel primer paso a la concordia y el reencuentro en la regi\u00f3n es que La Araucan\u00eda hable, y eso pasa por llamar a un plebiscito, para finalmente construir esa racionalidad com\u00fan (\u2026); un plebiscito que no le tenga miedo a la historia y que tampoco se deje intimidar por los grupos extremos que solo propugnan divisi\u00f3n, anarqu\u00eda y violencia\u201d.<\/p>\n<p>\u201cNo se les puede tener miedo a que los que viven en La Araucan\u00eda propongan su futuro. Es lo m\u00ednimo que el pa\u00eds le tiene que dar a una regi\u00f3n a la que se le debe mucho, por respeto a cada una de las personas que viven en la regi\u00f3n, a nuestra cultura y a nuestros or\u00edgenes. No se debe temer a la expresi\u00f3n soberana del pueblo, ni mucho menos desconfiar de su sabidur\u00eda y sentido com\u00fan\u201d, agrega el texto.<\/p>\n<p>El escrito -de tres p\u00e1ginas- ha sido socializado con distintos actores de la regi\u00f3n, entre ellos, Jorge Luchsinger, hijo del matrimonio Luchsinger Mackay, fallecido en un ataque incendiario en 2013; monse\u00f1or H\u00e9ctor Vargas, quien lider\u00f3 la Mesa Asesora Presidencial para La Araucan\u00eda durante el gobierno de Michelle Bachelet; l\u00edderes de comunidades mapuches y dirigentes de la Conadi.<\/p>\n<p>\u201cAqu\u00ed hemos tenido situaciones extremas. Y tenemos dos opciones: o esto se sigue polarizando (\u2026) o finalmente nos ponemos de acuerdo, y para eso no nos queda otra alternativa que un plebiscito\u201d, advierte Jouannet.<\/p>\n<p>La idea, explica Chahu\u00e1n, es que se plebisciten todos los temas que les interesan a los habitantes de la regi\u00f3n, sin exclusiones, entre ellos, la devoluci\u00f3n de tierras, el reconocimiento constitucional del pueblo mapuche, la ley de cuotas, interculturalidad, plurinacionalismo, seguridad y productividad.<\/p>\n<p>El parlamentario explica que para concretar la propuesta se requiere una reforma a la Constituci\u00f3n, ya que hoy no establece consultas vinculantes, la que esperan sea patrocinada por el gobierno.<\/p>\n<p>\u201cEsto requiere de una reforma constitucional, y por eso el llamado se lo hacemos al Presidente Sebasti\u00e1n Pi\u00f1era. Hay que entender que m\u00e1s de lo mismo no va a resolver el problema en La Araucan\u00eda\u201d, advierte.<\/p>\n<p>Adem\u00e1s, el senador adelanta que esperan convocar a un grupo transversal de exintendentes, incluido el ahora senador Francisco Huenchumilla (DC), para delinear una estrategia que permita lograr un consenso transversal y materializar la propuesta.<\/p>\n<p>Fuente: <a href=\"https:\/\/www.latercera.com\/politica\/noticia\/exintendente-bachelet-senador-rn-piden-plebiscito-la-araucania\/515439\/\">La Tercera<\/a><\/p>\n","protected":false},"excerpt":{"rendered":"<p>Propuesta ha sido socializada con comunidades mapuches, familiares de v\u00edctimas, la Conadi y el monse\u00f1or H\u00e9ctor Vargas. Hace poco m\u00e1s de dos meses, el senador RN Francisco Chahu\u00e1n y el exintendente de La Araucan\u00eda durante el gobierno de Michelle Bachelet, Andr\u00e9s Jouannet (ex DC), comenzaron a trabajar en una propuesta para enfrentar la crisis que [&hellip;]<\/p>\n","protected":false},"author":1,"featured_media":4698,"comment_status":"closed","ping_status":"closed","sticky":false,"template":"","format":"standard","meta":{"footnotes":""},"categories":[16,2],"tags":[],"class_list":["post-4697","post","type-post","status-publish","format-standard","has-post-thumbnail","hentry","category-internet","category-portada"],"_links":{"self":[{"href":"https:\/\/ciudadliberal.cl\/index.php?rest_route=\/wp\/v2\/posts\/4697","targetHints":{"allow":["GET"]}}],"collection":[{"href":"https:\/\/ciudadliberal.cl\/index.php?rest_route=\/wp\/v2\/posts"}],"about":[{"href":"https:\/\/ciudadliberal.cl\/index.php?rest_route=\/wp\/v2\/types\/post"}],"author":[{"embeddable":true,"href":"https:\/\/ciudadliberal.cl\/index.php?rest_route=\/wp\/v2\/users\/1"}],"replies":[{"embeddable":true,"href":"https:\/\/ciudadliberal.cl\/index.php?rest_route=%2Fwp%2Fv2%2Fcomments&post=4697"}],"version-history":[{"count":1,"href":"https:\/\/ciudadliberal.cl\/index.php?rest_route=\/wp\/v2\/posts\/4697\/revisions"}],"predecessor-version":[{"id":4699,"href":"https:\/\/ciudadliberal.cl\/index.php?rest_route=\/wp\/v2\/posts\/4697\/revisions\/4699"}],"wp:featuredmedia":[{"embeddable":true,"href":"https:\/\/ciudadliberal.cl\/index.php?rest_route=\/wp\/v2\/media\/4698"}],"wp:attachment":[{"href":"https:\/\/ciudadliberal.cl\/index.php?rest_route=%2Fwp%2Fv2%2Fmedia&parent=4697"}],"wp:term":[{"taxonomy":"category","embeddable":true,"href":"https:\/\/ciudadliberal.cl\/index.php?rest_route=%2Fwp%2Fv2%2Fcategories&post=4697"},{"taxonomy":"post_tag","embeddable":true,"href":"https:\/\/ciudadliberal.cl\/index.php?rest_route=%2Fwp%2Fv2%2Ftags&post=4697"}],"curies":[{"name":"wp","href":"https:\/\/api.w.org\/{rel}","templated":true}]}}