{"id":4691,"date":"2019-02-05T10:07:49","date_gmt":"2019-02-05T14:07:49","guid":{"rendered":"https:\/\/ciudadliberal.cl\/?p=4691"},"modified":"2019-02-05T10:07:49","modified_gmt":"2019-02-05T14:07:49","slug":"canada-anuncia-40-millones-de-dolares-en-ayuda-humanitaria-para-venezuela","status":"publish","type":"post","link":"https:\/\/ciudadliberal.cl\/?p=4691","title":{"rendered":"Canad\u00e1 anuncia 40 millones de d\u00f3lares en ayuda humanitaria para Venezuela"},"content":{"rendered":"<p>El primer ministro de Canad\u00e1, Justin Trudeau, quien habl\u00f3 en espa\u00f1ol, hizo el anuncio durante la apertura de la reuni\u00f3n del Grupo de Lima para tratar la crisis en Venezuela.<\/p>\n<p>El primer ministro de Canad\u00e1, Justin Trudeau, quien habl\u00f3 en espa\u00f1ol, anunci\u00f3 que su pa\u00eds destinar\u00e1 53 millones de d\u00f3lares canadienses (US$40 millones) en ayuda humanitaria para la poblaci\u00f3n de Venezuela. La alocuci\u00f3n fue durante la apertura de la reuni\u00f3n del Grupo de Lima para tratar la crisis en el pa\u00eds caribe\u00f1o.<\/p>\n<p>La ayuda canadiense est\u00e1 destinada a \u00abresponder a las necesidades m\u00e1s urgentes de los venezolanos sobre el terreno, principalmente los m\u00e1s de tres millones de refugiados\u00bb, declar\u00f3 Trudeau a la entrada de una reuni\u00f3n del Grupo de Lima en Ottawa.<\/p>\n<p id=\"p604171-m481-5-482\" class=\"parrafo first-parrafo\">\u00abEl grueso de estos fondos se destinar\u00e1 a socios confiables y pa\u00edses vecinos, para ayudarlos a apoyar a Venezuela y a los venezolanos\u00bb, agreg\u00f3 el primer ministro. \u00abHoy, el Grupo de Lima env\u00eda un mensaje claro de apoyo al pueblo venezolano mientras trazan su propio futuro\u00bb, agreg\u00f3.<\/p>\n<p id=\"p604171-m490-6-491\" class=\"parrafo first-parrafo\">El secretario de Estado de Estados Unidos, Mike Pompeo, y la subdirectora de la diplomacia europea, Helga Schmid, participar\u00e1n por videoconferencia en los debates.<\/p>\n<p id=\"p604171-m499-7-500\" class=\"parrafo first-parrafo\">Madrid, Londres, Par\u00eds, Berl\u00edn y otras capitales europeas reconocieron el lunes al opositor Juan Guaid\u00f3 como presidente interino de Venezuela luego de que Nicol\u00e1s Maduro se negara a convocar a elecciones presidenciales a pesar del ultim\u00e1tum.<\/p>\n<p id=\"p604171-m508-8-509\" class=\"parrafo first-parrafo\">La mayor parte del grupo de Lima, con la excepci\u00f3n de M\u00e9xico, ya hab\u00eda reconocido a\u00a0Guaid\u00f3\u00a0la semana pasada.<\/p>\n<p id=\"p604171-m517-9-518\" class=\"parrafo first-parrafo\">Creado en el 2017, el Grupo de Lima incluye a Argentina, Brasil, Canad\u00e1, Chile, Colombia, Costa Rica, Guatemala, Honduras, M\u00e9xico (que no reconoci\u00f3 a Guaid\u00f3), Panam\u00e1, Paraguay, Per\u00fa, Guyana y Santa Luc\u00eda.<\/p>\n<p id=\"p604171-m528-10-529\" class=\"parrafo first-parrafo\">El domingo, el primer ministro\u00a0Justin Trudeau, quien se implic\u00f3 personalmente en esta crisis, llam\u00f3 a\u00a0Guaid\u00f3. Los dos hombres solicitaron la convocatoria de elecciones elecci\u00f3n presidenciales y reafirmaron la \u00abilegitimidad\u00bb de\u00a0Maduro.<\/p>\n<p>Fuente: <a href=\"https:\/\/elcomercio.pe\/mundo\/norteamerica\/crisis-venezuela-canada-anuncia-40-millones-dolares-ayuda-humanitaria-justin-trudeau-noticia-604171\">El Comercio<\/a><\/p>\n","protected":false},"excerpt":{"rendered":"<p>El primer ministro de Canad\u00e1, Justin Trudeau, quien habl\u00f3 en espa\u00f1ol, hizo el anuncio durante la apertura de la reuni\u00f3n del Grupo de Lima para tratar la crisis en Venezuela. El primer ministro de Canad\u00e1, Justin Trudeau, quien habl\u00f3 en espa\u00f1ol, anunci\u00f3 que su pa\u00eds destinar\u00e1 53 millones de d\u00f3lares canadienses (US$40 millones) en ayuda [&hellip;]<\/p>\n","protected":false},"author":1,"featured_media":4692,"comment_status":"closed","ping_status":"closed","sticky":false,"template":"","format":"standard","meta":{"footnotes":""},"categories":[14,2],"tags":[],"class_list":["post-4691","post","type-post","status-publish","format-standard","has-post-thumbnail","hentry","category-entertainment","category-portada"],"_links":{"self":[{"href":"https:\/\/ciudadliberal.cl\/index.php?rest_route=\/wp\/v2\/posts\/4691","targetHints":{"allow":["GET"]}}],"collection":[{"href":"https:\/\/ciudadliberal.cl\/index.php?rest_route=\/wp\/v2\/posts"}],"about":[{"href":"https:\/\/ciudadliberal.cl\/index.php?rest_route=\/wp\/v2\/types\/post"}],"author":[{"embeddable":true,"href":"https:\/\/ciudadliberal.cl\/index.php?rest_route=\/wp\/v2\/users\/1"}],"replies":[{"embeddable":true,"href":"https:\/\/ciudadliberal.cl\/index.php?rest_route=%2Fwp%2Fv2%2Fcomments&post=4691"}],"version-history":[{"count":1,"href":"https:\/\/ciudadliberal.cl\/index.php?rest_route=\/wp\/v2\/posts\/4691\/revisions"}],"predecessor-version":[{"id":4693,"href":"https:\/\/ciudadliberal.cl\/index.php?rest_route=\/wp\/v2\/posts\/4691\/revisions\/4693"}],"wp:featuredmedia":[{"embeddable":true,"href":"https:\/\/ciudadliberal.cl\/index.php?rest_route=\/wp\/v2\/media\/4692"}],"wp:attachment":[{"href":"https:\/\/ciudadliberal.cl\/index.php?rest_route=%2Fwp%2Fv2%2Fmedia&parent=4691"}],"wp:term":[{"taxonomy":"category","embeddable":true,"href":"https:\/\/ciudadliberal.cl\/index.php?rest_route=%2Fwp%2Fv2%2Fcategories&post=4691"},{"taxonomy":"post_tag","embeddable":true,"href":"https:\/\/ciudadliberal.cl\/index.php?rest_route=%2Fwp%2Fv2%2Ftags&post=4691"}],"curies":[{"name":"wp","href":"https:\/\/api.w.org\/{rel}","templated":true}]}}