{"id":4688,"date":"2019-02-04T19:08:47","date_gmt":"2019-02-04T23:08:47","guid":{"rendered":"https:\/\/ciudadliberal.cl\/?p=4688"},"modified":"2019-02-04T19:09:03","modified_gmt":"2019-02-04T23:09:03","slug":"oficialismo-y-oposicion-inician-trabajo-para-eleccion-de-gobernadores","status":"publish","type":"post","link":"https:\/\/ciudadliberal.cl\/?p=4688","title":{"rendered":"Oficialismo y oposici\u00f3n inician trabajo para elecci\u00f3n de gobernadores"},"content":{"rendered":"<p>En ambos sectores ya manejan posibles cartas. Adem\u00e1s, en Chile Vamos se crearon equipos para buscar a todos los candidatos, mientras que en la oposici\u00f3n se analiza el riesgo que implicar\u00eda mantener la dispersi\u00f3n actual para los comicios que se realizar\u00e1n el pr\u00f3ximo a\u00f1o.<\/p>\n<p>Chile Vamos: Comit\u00e9 de b\u00fasqueda y gira a nivel nacional<br \/>\nUn comit\u00e9 de b\u00fasqueda est\u00e1 preparando la directiva UDI para la definici\u00f3n de una n\u00f3mina preliminar de posibles candidatos a las elecciones de gobernadores regionales.<\/p>\n<p>El equipo comenzar\u00e1 a funcionar formalmente en marzo, pero ya hay algunas cartas que -dicen en la colectividad- podr\u00edan ser parte de los postulantes. Esto basado en lo que en la UDI califican como un \u201cdiagn\u00f3stico\u201d ya establecido sobre los probables candidatos. \u201cYa comenzamos a trabajar en esto. Hemos contactado a algunos nombres y constituiremos un comit\u00e9 de b\u00fasqueda\u201d, explica la timonel, Jacqueline van Rysselberghe.<\/p>\n<p>Entre las opciones que se mencionan en la UDI est\u00e1 el alcalde de Las Condes, Joaqu\u00edn Lav\u00edn, para la Regi\u00f3n Metropolitana, aunque el edil ha manifestado sus dudas por la falta de claridad sobre las atribuciones de los gobernadores. As\u00ed, en el gremialismo tambi\u00e9n mencionan a la alcaldesa de Maip\u00fa, Cathy Barriga, y al edil de La Florida, Rodolfo Carter (ex UDI). Para otras regiones se barajan nombres de los hoy intendentes, como Jorge Ulloa en Biob\u00edo y Juan Masferrer en O\u00b4Higgins.<\/p>\n<p>En el caso de RN, comenz\u00f3 a trabajar un comit\u00e9 integrado por el secretario general, Felipe Cisternas, el vicepresidente Tom\u00e1s Fuentes y los alcaldes Felipe Guevara y Ra\u00fal Torrealba. A ellos se sum\u00f3 la vicepresidenta Paulina N\u00fa\u00f1ez. Y en la \u00faltima cita Fuentes expuso una proyecci\u00f3n para RN en regiones.<\/p>\n<p>El partido tambi\u00e9n realizar\u00e1 una gira nacional para abordar con los dirigentes las definiciones, lo que comenzar\u00e1 en marzo en Maule, zona en la que mencionan como probable candidato a gobernador al alcalde de Talca, Mario Meza. Y en la Metropolitana apuntan a la intendenta Karla Rubilar, pese a que no milita en RN.<\/p>\n<p>Hasta ahora, la opini\u00f3n mayoritaria en ese comit\u00e9 de RN es competir en lista \u00fanica de Chile Vamos, con un mecanismo (primarias o encuestas) para elegir a los postulantes, algo que esperan conversar con el resto de la coalici\u00f3n.<\/p>\n<p>Ex Nueva Mayor\u00eda: Primarias o el riesgo de perder en 10 regiones<br \/>\nAn\u00e1lisis preliminares, pero detallados, son los que manejan por estos d\u00edas los partidos de la ex Nueva Mayor\u00eda (PS, PPD, DC, PR y PC) de cara a la elecci\u00f3n de gobernadores regionales.<\/p>\n<p>Y si bien no existe una decisi\u00f3n formal de las colectividades, todas -a excepci\u00f3n de la DC- est\u00e1n por realizar primarias. Esto porque, seg\u00fan los c\u00e1lculos del sector, de ir en listas separadas la derecha ganar\u00eda en 10 de las 15 regiones del pa\u00eds.<\/p>\n<p>\u201cEl PS har\u00e1 todo su esfuerzo por construir un acuerdo que nos permita tener candidatos \u00fanicos de la oposici\u00f3n\u201d, dice el secretario general de esa colectividad, Andr\u00e9s Santander. En la DC, en cambio, creen que el mejor mecanismo es suscribir pactos de omisi\u00f3n favoreciendo a los candidatos de los partidos que tengan mayores opciones.<\/p>\n<p>Pero m\u00e1s all\u00e1 de los n\u00fameros, en la centroizquierda ya han comenzado a sonar algunos nombres que podr\u00edan competir en esos comicios. En el PS, por ejemplo, se baraja al exministro M\u00e1ximo Pacheco para la Regi\u00f3n Metropolitana; en Atacama Francisco Madero y Mario Silva; en Arica la exintendenta Gladys Acu\u00f1a, mientras que en la Regi\u00f3n de Los R\u00edos se menciona a Egon Montecino.<\/p>\n<p>En la DC, en tanto, ven como regiones fuertes la de Coquimbo, donde suenan Ricardo Cifuentes, Mirta Mel\u00e9ndez y Lombardo Toledo; la Metropolitana, donde podr\u00eda postular Claudio Orrego; la del Biob\u00edo, donde se mencionan Rodrigo D\u00edaz y Erick Aedo, y finalmente La Araucan\u00eda, zona en la que una de las cartas que se han barajado es el propio presidente de la DC, Fuad Chahin.<\/p>\n<p>En el caso del PPD, sus regiones m\u00e1s fuertes son La Araucan\u00eda, donde ha sonado Eugenio Tuma; Coquimbo, donde una de las cartas que se ha estudiado es la del exintendente Claudio Ib\u00e1\u00f1ez, y Valpara\u00edso, en la que ha manifestado inter\u00e9s el exdiputado Marco Antonio N\u00fa\u00f1ez.<\/p>\n<p>Frente Amplio: La carrera propia del nuevo bloque<br \/>\nAunque no es una decisi\u00f3n formal, en el Frente Amplio ven lejana la opci\u00f3n de someterse a primarias con la ex Nueva Mayor\u00eda para fijar candidatos comunes. Esto, a diferencia de lo que esperan partidos en el PS, PPD, PR y PC, que buscar\u00e1n la convergencia m\u00e1s amplia en el sector para evitar que Chile Vamos se imponga en la mayor\u00eda de las zonas.<\/p>\n<p>Lo que s\u00ed est\u00e1 claro es la intenci\u00f3n de cada una de las colectividades del conglomerado para potenciar liderazgos locales en las distintas regiones, tanto para gobernadores como para cargos municipales.<\/p>\n<p>En el Frente Amplio hay consenso sobre las regiones que podr\u00edan ser consideradas como \u201cfuertes\u201d para el sector. Entre ellas est\u00e1 la Regi\u00f3n Metropolitana, donde tienen a 12 de sus 20 diputados.<\/p>\n<p>En Revoluci\u00f3n Democr\u00e1tica se han mencionado los nombres del exjefe de campa\u00f1a de Beatriz S\u00e1nchez, Sebasti\u00e1n Depolo. De manera m\u00e1s informal, la exabanderada presidencial de la coalici\u00f3n tambi\u00e9n ha sido considerada por algunos como una carta que podr\u00eda disputar el cargo en esa zona.<\/p>\n<p>Por otro lado, en el Movimiento Autonomista est\u00e1n evaluando su proyecci\u00f3n en las regiones de Valpara\u00edso, Magallanes, Metropolitana y La Araucan\u00eda, aunque advierten que se tomar\u00e1n el tiempo necesario para acordar la mejor decisi\u00f3n \u201ccolectiva\u201d con el resto de las fuerzas.<\/p>\n<p>En el partido \u201cComunes\u201d, en tanto, ya tienen una comisi\u00f3n electoral que est\u00e1 trabajando para enfrentar tanto los comicios municipales como la elecci\u00f3n de gobernadores regionales. De hecho, ya tienen pensado proyectarse en algunas regiones: Tarapac\u00e1, Coquimbo, Metropolitana, Biob\u00edo, Los Lagos y Los R\u00edos.<\/p>\n<p>En el Partido Liberal, por otra parte, las regiones en que proyectan buenos resultados son Arica y Parinacota y la Regi\u00f3n de Los Lagos.<\/p>\n<p>&nbsp;<\/p>\n","protected":false},"excerpt":{"rendered":"<p>En ambos sectores ya manejan posibles cartas. Adem\u00e1s, en Chile Vamos se crearon equipos para buscar a todos los candidatos, mientras que en la oposici\u00f3n se analiza el riesgo que implicar\u00eda mantener la dispersi\u00f3n actual para los comicios que se realizar\u00e1n el pr\u00f3ximo a\u00f1o. Chile Vamos: Comit\u00e9 de b\u00fasqueda y gira a nivel nacional Un [&hellip;]<\/p>\n","protected":false},"author":1,"featured_media":4689,"comment_status":"closed","ping_status":"closed","sticky":false,"template":"","format":"standard","meta":{"footnotes":""},"categories":[16,2],"tags":[],"class_list":["post-4688","post","type-post","status-publish","format-standard","has-post-thumbnail","hentry","category-internet","category-portada"],"_links":{"self":[{"href":"https:\/\/ciudadliberal.cl\/index.php?rest_route=\/wp\/v2\/posts\/4688","targetHints":{"allow":["GET"]}}],"collection":[{"href":"https:\/\/ciudadliberal.cl\/index.php?rest_route=\/wp\/v2\/posts"}],"about":[{"href":"https:\/\/ciudadliberal.cl\/index.php?rest_route=\/wp\/v2\/types\/post"}],"author":[{"embeddable":true,"href":"https:\/\/ciudadliberal.cl\/index.php?rest_route=\/wp\/v2\/users\/1"}],"replies":[{"embeddable":true,"href":"https:\/\/ciudadliberal.cl\/index.php?rest_route=%2Fwp%2Fv2%2Fcomments&post=4688"}],"version-history":[{"count":1,"href":"https:\/\/ciudadliberal.cl\/index.php?rest_route=\/wp\/v2\/posts\/4688\/revisions"}],"predecessor-version":[{"id":4690,"href":"https:\/\/ciudadliberal.cl\/index.php?rest_route=\/wp\/v2\/posts\/4688\/revisions\/4690"}],"wp:featuredmedia":[{"embeddable":true,"href":"https:\/\/ciudadliberal.cl\/index.php?rest_route=\/wp\/v2\/media\/4689"}],"wp:attachment":[{"href":"https:\/\/ciudadliberal.cl\/index.php?rest_route=%2Fwp%2Fv2%2Fmedia&parent=4688"}],"wp:term":[{"taxonomy":"category","embeddable":true,"href":"https:\/\/ciudadliberal.cl\/index.php?rest_route=%2Fwp%2Fv2%2Fcategories&post=4688"},{"taxonomy":"post_tag","embeddable":true,"href":"https:\/\/ciudadliberal.cl\/index.php?rest_route=%2Fwp%2Fv2%2Ftags&post=4688"}],"curies":[{"name":"wp","href":"https:\/\/api.w.org\/{rel}","templated":true}]}}