{"id":4685,"date":"2019-02-04T04:54:24","date_gmt":"2019-02-04T08:54:24","guid":{"rendered":"https:\/\/ciudadliberal.cl\/?p=4685"},"modified":"2019-02-04T04:54:24","modified_gmt":"2019-02-04T08:54:24","slug":"macron-consultara-a-los-franceses-sobre-los-chalecos-amarillos","status":"publish","type":"post","link":"https:\/\/ciudadliberal.cl\/?p=4685","title":{"rendered":"Macron consultar\u00e1 a los franceses sobre los chalecos amarillos"},"content":{"rendered":"<p>Se presta a Emmanuel Macron la posible convocatoria de un refer\u00e9ndum nacional, para \u00abponer fin\u00bb a la crisis de la franquicia de los chalecos amarillos. Seg\u00fan informaciones del semanario \u00abJournal du Dimanche\u00bb (JDD), retomadas por toda la prensa francesa, por considerarlas dignas de cr\u00e9dito, el presidente de la Rep\u00fablica podr\u00eda convocar un refer\u00e9ndum coincidiendo con las elecciones europeas del pr\u00f3ximo 26 de mayo.<\/p>\n<p>Con ese refer\u00e9ndum terminar\u00eda el gran debate nacional lanzado personalmente por Macron a primeros de enero, intentando responder a la crisis de los chalecos amarillos, con tres meses de debates p\u00fablicos, entre el presidente, varios ministros y varios millares de alcaldes de toda Francia.<\/p>\n<p>Macron anunci\u00f3, en su d\u00eda, que ese debate nacional, sin precedentes, culminar\u00eda con iniciativas y decisiones \u00abimportantes\u00bb. Seg\u00fan el JDD, esas iniciativas y decisiones comenzar\u00edan con la convocatoria de un refer\u00e9ndum nacional consagrado a cuestiones institucionales.<\/p>\n<p>Nathalie Loiseau, ministra de Asuntos Europeos, ha confirmado que el gran debate nacional, en curso, tendr\u00eda una \u00abprolongaci\u00f3n concreta\u00bb. Siendo candidato a la jefatura del Estado, Emmanuel Macron anunci\u00f3 una reforma institucional que contin\u00faa empantanada en alg\u00fan lugar, entre los pasillos del El\u00edseo, la Asamblea Nacional y el Senado.<\/p>\n<p>Los analistas tradicionalmente mejor informados estiman que Macron podr\u00eda someter a refer\u00e9ndum cuestiones de este tipo: \u00ab\u00bfHay que reformar el n\u00famero de diputados y senadores? \u00bfEs necesario reducir el c\u00famulo de mandatos de senadores, diputados y alcaldes? \u00bfDebemos reformar el sistema electoral para mejorar su eficacia?\u00bb. Mientras no se confirme y precise la convocatoria de un eventual refer\u00e9ndum, nadie sabe cu\u00e1l pudiera ser alcance el efectivo de la posible convocatoria. Hace d\u00edas, Emmanuel Macron dej\u00f3 caer a un grupo de periodistas esta reflexi\u00f3n personal: \u00abQuiz\u00e1 sea oportuno dar un nuevo aliento a la democracia representativa tradicional, a trav\u00e9s de las experiencias de la democracia deliberativa\u00bb.<\/p>\n<p>Deliberaci\u00f3n<br \/>\nLa matriz, fundamentos e instituciones de la democracia representativa cl\u00e1sica forman parte del acervo c\u00edvico cl\u00e1sico. Est\u00e1 menos claro que entiende Macron por democracia deliberativa. Seg\u00fan el diccionario de la RAE, deliberar consiste en \u00abconsiderar atenta y detenidamente el pro y el contra de los motivos de una decisi\u00f3n, antes de adoptarla, y la raz\u00f3n o sinraz\u00f3n de los votos antes de emitirlos\u2026\u00bb. A partir de ah\u00ed, Macron pudiera pensar introducir nuevas dosis de deliberaci\u00f3n en el modelo pol\u00edtico franc\u00e9s, modificando el modelo electoral, haci\u00e9ndolo m\u00e1s abierto, a trav\u00e9s de una cierta dosis de representaci\u00f3n proporcional.<\/p>\n<p>Se trata de una exigencia hist\u00f3rica de la extrema derecha francesa, que pudiera entrar en la Asamblea Nacional y el Senado cambiando el modelo electoral franc\u00e9s de la V Rep\u00fablica, uninominal, a dos vueltas. Un modelo que permite crear mayor\u00edas s\u00f3lidas, en detrimento de las minor\u00edas, privadas de representaci\u00f3n parlamentaria.<\/p>\n<p><a href=\"https:\/\/www.abc.es\/internacional\/abci-macron-consultara-franceses-sobre-chalecos-amarillos-201902040209_noticia.html\">Fuente<\/a><\/p>\n","protected":false},"excerpt":{"rendered":"<p>Se presta a Emmanuel Macron la posible convocatoria de un refer\u00e9ndum nacional, para \u00abponer fin\u00bb a la crisis de la franquicia de los chalecos amarillos. Seg\u00fan informaciones del semanario \u00abJournal du Dimanche\u00bb (JDD), retomadas por toda la prensa francesa, por considerarlas dignas de cr\u00e9dito, el presidente de la Rep\u00fablica podr\u00eda convocar un refer\u00e9ndum coincidiendo con [&hellip;]<\/p>\n","protected":false},"author":1,"featured_media":4686,"comment_status":"closed","ping_status":"closed","sticky":false,"template":"","format":"standard","meta":{"footnotes":""},"categories":[23,2],"tags":[],"class_list":["post-4685","post","type-post","status-publish","format-standard","has-post-thumbnail","hentry","category-macron","category-portada"],"_links":{"self":[{"href":"https:\/\/ciudadliberal.cl\/index.php?rest_route=\/wp\/v2\/posts\/4685","targetHints":{"allow":["GET"]}}],"collection":[{"href":"https:\/\/ciudadliberal.cl\/index.php?rest_route=\/wp\/v2\/posts"}],"about":[{"href":"https:\/\/ciudadliberal.cl\/index.php?rest_route=\/wp\/v2\/types\/post"}],"author":[{"embeddable":true,"href":"https:\/\/ciudadliberal.cl\/index.php?rest_route=\/wp\/v2\/users\/1"}],"replies":[{"embeddable":true,"href":"https:\/\/ciudadliberal.cl\/index.php?rest_route=%2Fwp%2Fv2%2Fcomments&post=4685"}],"version-history":[{"count":1,"href":"https:\/\/ciudadliberal.cl\/index.php?rest_route=\/wp\/v2\/posts\/4685\/revisions"}],"predecessor-version":[{"id":4687,"href":"https:\/\/ciudadliberal.cl\/index.php?rest_route=\/wp\/v2\/posts\/4685\/revisions\/4687"}],"wp:featuredmedia":[{"embeddable":true,"href":"https:\/\/ciudadliberal.cl\/index.php?rest_route=\/wp\/v2\/media\/4686"}],"wp:attachment":[{"href":"https:\/\/ciudadliberal.cl\/index.php?rest_route=%2Fwp%2Fv2%2Fmedia&parent=4685"}],"wp:term":[{"taxonomy":"category","embeddable":true,"href":"https:\/\/ciudadliberal.cl\/index.php?rest_route=%2Fwp%2Fv2%2Fcategories&post=4685"},{"taxonomy":"post_tag","embeddable":true,"href":"https:\/\/ciudadliberal.cl\/index.php?rest_route=%2Fwp%2Fv2%2Ftags&post=4685"}],"curies":[{"name":"wp","href":"https:\/\/api.w.org\/{rel}","templated":true}]}}