{"id":4669,"date":"2019-02-01T09:04:35","date_gmt":"2019-02-01T13:04:35","guid":{"rendered":"https:\/\/ciudadliberal.cl\/?p=4669"},"modified":"2019-02-01T09:04:35","modified_gmt":"2019-02-01T13:04:35","slug":"fallece-elena-munoz-iconica-activista-de-los-derechos-humanos","status":"publish","type":"post","link":"https:\/\/ciudadliberal.cl\/?p=4669","title":{"rendered":"Fallece Elena Mu\u00f1oz, ic\u00f3nica activista de los derechos humanos"},"content":{"rendered":"<p>Tras la detenci\u00f3n de su marido y cuatro hijos, cuyos cuerpos fueron encontrados cinco a\u00f1os despu\u00e9s en los Hornos de Lonqu\u00e9n, la mujer dedic\u00f3 su vida a la defensa de las v\u00edctimas de la represi\u00f3n y a la b\u00fasqueda de justicia para sus familiares.<\/p>\n<p>La reconocida activista de los derechos humanos, Elena Mu\u00f1oz, conocida tambi\u00e9n como Pur\u00edsima de Lonqu\u00e9n, falleci\u00f3 la noche del mi\u00e9rcoles a los 96 a\u00f1os de edad.<\/p>\n<p>En octubre de 1973 su marido, Sergio Maureira Lillo, y sus cuatro hijos ( Rodolfo Antonio, Sergio Miguel, Segundo Armando y Jos\u00e9 Manuel) fueron detenidos en Isla Maipo, lo que provoc\u00f3 que comenzara una b\u00fasqueda incansable por conocer el paradero de sus familiares.<\/p>\n<p>Cinco a\u00f1os despu\u00e9s, los cuerpos fueron finalmente encontrados en los Hornos de Lonqu\u00e9n; episodio que marc\u00f3 un hito en los casos de violaciones a los derechos humanos.<\/p>\n<p>Desde ese momento, la mujer dedic\u00f3 su vida a la defensa de las v\u00edctimas de la represi\u00f3n y a la b\u00fasqueda de justicia para sus familiares.<\/p>\n<p>Sus funerales se realizar\u00e1n este viernes a las 16.00 hrs en Parroquia Santuario Nuestra Se\u00f1ora de la Merced en Isla de Maipo, y luego de la ceremonia religiosa sus restos ser\u00e1n trasladados al cementerio de la comuna.<\/p>\n<p>Fuente: <a href=\"https:\/\/www.latercera.com\/politica\/noticia\/fallece-elena-munoz-iconica-activista-los-derechos-humanos\/510251\/\">La Tercera<\/a><\/p>\n","protected":false},"excerpt":{"rendered":"<p>Tras la detenci\u00f3n de su marido y cuatro hijos, cuyos cuerpos fueron encontrados cinco a\u00f1os despu\u00e9s en los Hornos de Lonqu\u00e9n, la mujer dedic\u00f3 su vida a la defensa de las v\u00edctimas de la represi\u00f3n y a la b\u00fasqueda de justicia para sus familiares. La reconocida activista de los derechos humanos, Elena Mu\u00f1oz, conocida tambi\u00e9n [&hellip;]<\/p>\n","protected":false},"author":1,"featured_media":4670,"comment_status":"closed","ping_status":"closed","sticky":false,"template":"","format":"standard","meta":{"footnotes":""},"categories":[184,16,2],"tags":[],"class_list":["post-4669","post","type-post","status-publish","format-standard","has-post-thumbnail","hentry","category-derechos-humanos","category-internet","category-portada"],"_links":{"self":[{"href":"https:\/\/ciudadliberal.cl\/index.php?rest_route=\/wp\/v2\/posts\/4669","targetHints":{"allow":["GET"]}}],"collection":[{"href":"https:\/\/ciudadliberal.cl\/index.php?rest_route=\/wp\/v2\/posts"}],"about":[{"href":"https:\/\/ciudadliberal.cl\/index.php?rest_route=\/wp\/v2\/types\/post"}],"author":[{"embeddable":true,"href":"https:\/\/ciudadliberal.cl\/index.php?rest_route=\/wp\/v2\/users\/1"}],"replies":[{"embeddable":true,"href":"https:\/\/ciudadliberal.cl\/index.php?rest_route=%2Fwp%2Fv2%2Fcomments&post=4669"}],"version-history":[{"count":1,"href":"https:\/\/ciudadliberal.cl\/index.php?rest_route=\/wp\/v2\/posts\/4669\/revisions"}],"predecessor-version":[{"id":4671,"href":"https:\/\/ciudadliberal.cl\/index.php?rest_route=\/wp\/v2\/posts\/4669\/revisions\/4671"}],"wp:featuredmedia":[{"embeddable":true,"href":"https:\/\/ciudadliberal.cl\/index.php?rest_route=\/wp\/v2\/media\/4670"}],"wp:attachment":[{"href":"https:\/\/ciudadliberal.cl\/index.php?rest_route=%2Fwp%2Fv2%2Fmedia&parent=4669"}],"wp:term":[{"taxonomy":"category","embeddable":true,"href":"https:\/\/ciudadliberal.cl\/index.php?rest_route=%2Fwp%2Fv2%2Fcategories&post=4669"},{"taxonomy":"post_tag","embeddable":true,"href":"https:\/\/ciudadliberal.cl\/index.php?rest_route=%2Fwp%2Fv2%2Ftags&post=4669"}],"curies":[{"name":"wp","href":"https:\/\/api.w.org\/{rel}","templated":true}]}}