{"id":4666,"date":"2019-02-01T08:58:25","date_gmt":"2019-02-01T12:58:25","guid":{"rendered":"https:\/\/ciudadliberal.cl\/?p=4666"},"modified":"2019-02-01T08:58:25","modified_gmt":"2019-02-01T12:58:25","slug":"cancilleria-contacta-a-representante-de-guaido-en-chile-para-agendar-cita-con-ampuero","status":"publish","type":"post","link":"https:\/\/ciudadliberal.cl\/?p=4666","title":{"rendered":"Canciller\u00eda contacta a representante de Guaid\u00f3 en Chile para agendar cita con Ampuero"},"content":{"rendered":"<p>Ministerio de RR.EE. inici\u00f3 las gestiones luego de que el autoproclamado \u201cPresidente encargado\u201d de Venezuela nombrara a Guarequena Guti\u00e9rrez como su representante diplom\u00e1tica en nuestro pa\u00eds.<\/p>\n<p>El Ministerio de Relaciones Exteriores tom\u00f3 contacto esta semana con Guarequena Guti\u00e9rrez, quien fue nombrada el martes por el autoproclamado \u201cPresidente encargado\u201d de Venezuela, Juan Guaid\u00f3, como su representante diplom\u00e1tica en Chile. Esto, luego de que el Mandatario Sebasti\u00e1n Pi\u00f1era reconociera -junto a otros pa\u00edses- a Guaid\u00f3 e insistiera en que la administraci\u00f3n de Nicol\u00e1s Maduro es una dictadura.<\/p>\n<p>\u201cEl gobierno de Chile reconoce a Guarequena Guti\u00e9rrez como representante de la Asamblea Nacional de Venezuela en Chile\u201d, dijo ese d\u00eda Pi\u00f1era a trav\u00e9s de Twitter.<\/p>\n<p>As\u00ed, tras el reconocimiento del Mandatario a la representante de Guaid\u00f3, el objetivo del Ministerio de RR.EE. es concretar una reuni\u00f3n entre Guti\u00e9rrez y el canciller Roberto Ampuero para -dicen en el gobierno- entregar \u201cuna se\u00f1al m\u00e1s de apoyo\u201d a Venezuela.<\/p>\n<div>\n<p>Eso s\u00ed, en Canciller\u00eda mantienen con hermetismo el d\u00eda en el que buscan llevar a cabo la cita, a\u00f1adiendo que han ocurrido varios hechos durante las \u00faltimas horas, entre ellos las manifestaciones en Caracas y la detenci\u00f3n del periodista Gonzalo P\u00e9rez y el camar\u00f3grafo Gonzalo Barahona, ambos trabajadores de TVN, quienes fueron deportados desde ese pa\u00eds.<\/p>\n<p>En el gobierno dicen que quieren esperar el momento oportuno. En ese sentido, afirman las mismas fuentes, quieren esperar al menos que se efect\u00fae con \u00e9xito el retorno del tercer grupo de chilenos desde Venezuela, que se llevar\u00e1 a cabo este jueves. De hecho, Ampuero los recibir\u00e1 este jueves a las 7.30 en el Grupo 10 de la Fach, luego de reunirse en el sal\u00f3n de protocolo del aeropuerto con el periodista y el camar\u00f3grafo de TVN.<\/p>\n<p>\u201cEsperamos que este vuelo sea positivo en todo lo que es la coordinaci\u00f3n con el gobierno venezolano a fin de poder traer a estos chilenos que nos solicitaron el apoyo\u201d, afirm\u00f3 el subsecretario del Interior, Rodrigo Ubilla.<\/p>\n<p>En el Ejecutivo, adem\u00e1s, est\u00e1n monitoreando c\u00f3mo evolucionan las movilizaciones en Venezuela y la postura final que defina la Uni\u00f3n Europea, luego de que el s\u00e1bado le diera un plazo de ocho d\u00edas a Maduro para que llame a elecciones libres, o de lo contrario tomar\u00e1 decisiones que apunten a reconocer a Guaid\u00f3.<\/p>\n<p>Fuente: <a href=\"https:\/\/www.latercera.com\/politica\/noticia\/cancilleria-representante-guaido-ampuero\/508730\/\">La Tercera<\/a><\/p>\n<\/div>\n","protected":false},"excerpt":{"rendered":"<p>Ministerio de RR.EE. inici\u00f3 las gestiones luego de que el autoproclamado \u201cPresidente encargado\u201d de Venezuela nombrara a Guarequena Guti\u00e9rrez como su representante diplom\u00e1tica en nuestro pa\u00eds. El Ministerio de Relaciones Exteriores tom\u00f3 contacto esta semana con Guarequena Guti\u00e9rrez, quien fue nombrada el martes por el autoproclamado \u201cPresidente encargado\u201d de Venezuela, Juan Guaid\u00f3, como su representante [&hellip;]<\/p>\n","protected":false},"author":1,"featured_media":4667,"comment_status":"closed","ping_status":"closed","sticky":false,"template":"","format":"standard","meta":{"footnotes":""},"categories":[14,2],"tags":[],"class_list":["post-4666","post","type-post","status-publish","format-standard","has-post-thumbnail","hentry","category-entertainment","category-portada"],"_links":{"self":[{"href":"https:\/\/ciudadliberal.cl\/index.php?rest_route=\/wp\/v2\/posts\/4666","targetHints":{"allow":["GET"]}}],"collection":[{"href":"https:\/\/ciudadliberal.cl\/index.php?rest_route=\/wp\/v2\/posts"}],"about":[{"href":"https:\/\/ciudadliberal.cl\/index.php?rest_route=\/wp\/v2\/types\/post"}],"author":[{"embeddable":true,"href":"https:\/\/ciudadliberal.cl\/index.php?rest_route=\/wp\/v2\/users\/1"}],"replies":[{"embeddable":true,"href":"https:\/\/ciudadliberal.cl\/index.php?rest_route=%2Fwp%2Fv2%2Fcomments&post=4666"}],"version-history":[{"count":1,"href":"https:\/\/ciudadliberal.cl\/index.php?rest_route=\/wp\/v2\/posts\/4666\/revisions"}],"predecessor-version":[{"id":4668,"href":"https:\/\/ciudadliberal.cl\/index.php?rest_route=\/wp\/v2\/posts\/4666\/revisions\/4668"}],"wp:featuredmedia":[{"embeddable":true,"href":"https:\/\/ciudadliberal.cl\/index.php?rest_route=\/wp\/v2\/media\/4667"}],"wp:attachment":[{"href":"https:\/\/ciudadliberal.cl\/index.php?rest_route=%2Fwp%2Fv2%2Fmedia&parent=4666"}],"wp:term":[{"taxonomy":"category","embeddable":true,"href":"https:\/\/ciudadliberal.cl\/index.php?rest_route=%2Fwp%2Fv2%2Fcategories&post=4666"},{"taxonomy":"post_tag","embeddable":true,"href":"https:\/\/ciudadliberal.cl\/index.php?rest_route=%2Fwp%2Fv2%2Ftags&post=4666"}],"curies":[{"name":"wp","href":"https:\/\/api.w.org\/{rel}","templated":true}]}}