{"id":4663,"date":"2019-02-01T08:55:05","date_gmt":"2019-02-01T12:55:05","guid":{"rendered":"https:\/\/ciudadliberal.cl\/?p=4663"},"modified":"2019-02-01T08:55:05","modified_gmt":"2019-02-01T12:55:05","slug":"felipe-kast-defiende-proyecto-machuca-liberal-no-estamos-violentando-a-nadie","status":"publish","type":"post","link":"https:\/\/ciudadliberal.cl\/?p=4663","title":{"rendered":"Felipe Kast defiende proyecto Machuca Liberal: \u00abNo estamos violentando a nadie\u00bb"},"content":{"rendered":"<p>El senador de Ev\u00f3poli respalda su propuesta que busca que colegios particulares incluyan a estudiantes vulnerables y sale al paso de quienes critican la medida.<\/p>\n<p>El senador de Ev\u00f3poli, Felipe Kast, sali\u00f3 al paso de las cr\u00edticas que han generado las propuestas de la ley Machuca, que buscan integrar a alumnos vulnerables en colegios particulares pagados, argumentando que con esta iniciativa \u00abno se est\u00e1 violentando a nadie\u00bb, sino solo generando inclusi\u00f3n.<\/p>\n<p>En conversaci\u00f3n con Pauta Final, Kast dijo que coincid\u00eda con la ministra de Educaci\u00f3n, Marcela Cubillos, en cuanto a fortalecer la educaci\u00f3n municipal, pero considera que \u00abestamos a a\u00f1os luz\u00bb de lograr aquello. Agreg\u00f3 que, en ese sentido, su propuesta contribuye a mejorar la educaci\u00f3n en Chile.<\/p>\n<p>\u00abYo no puedo estar m\u00e1s de acuerdo (con Cubillos). Ojal\u00e1 el d\u00eda de ma\u00f1ana esto no sea necesario, pero como estamos a a\u00f1os luz, y como no s\u00f3lo se trata de la calidad de la educaci\u00f3n, sino tambi\u00e9n de tener una sociedad m\u00e1s integrada, creo que esto es un aporte importante\u00bb, dijo Kast.<\/p>\n<p>Fuente: <a href=\"http:\/\/www.pauta.cl\/cronica\/felipe-kast-defiende-proyecto-machuca-liberal-no-estamos-violentando-a\">Pauta<\/a><\/p>\n","protected":false},"excerpt":{"rendered":"<p>El senador de Ev\u00f3poli respalda su propuesta que busca que colegios particulares incluyan a estudiantes vulnerables y sale al paso de quienes critican la medida. El senador de Ev\u00f3poli, Felipe Kast, sali\u00f3 al paso de las cr\u00edticas que han generado las propuestas de la ley Machuca, que buscan integrar a alumnos vulnerables en colegios particulares [&hellip;]<\/p>\n","protected":false},"author":1,"featured_media":4664,"comment_status":"closed","ping_status":"closed","sticky":false,"template":"","format":"standard","meta":{"footnotes":""},"categories":[16,2],"tags":[],"class_list":["post-4663","post","type-post","status-publish","format-standard","has-post-thumbnail","hentry","category-internet","category-portada"],"_links":{"self":[{"href":"https:\/\/ciudadliberal.cl\/index.php?rest_route=\/wp\/v2\/posts\/4663","targetHints":{"allow":["GET"]}}],"collection":[{"href":"https:\/\/ciudadliberal.cl\/index.php?rest_route=\/wp\/v2\/posts"}],"about":[{"href":"https:\/\/ciudadliberal.cl\/index.php?rest_route=\/wp\/v2\/types\/post"}],"author":[{"embeddable":true,"href":"https:\/\/ciudadliberal.cl\/index.php?rest_route=\/wp\/v2\/users\/1"}],"replies":[{"embeddable":true,"href":"https:\/\/ciudadliberal.cl\/index.php?rest_route=%2Fwp%2Fv2%2Fcomments&post=4663"}],"version-history":[{"count":1,"href":"https:\/\/ciudadliberal.cl\/index.php?rest_route=\/wp\/v2\/posts\/4663\/revisions"}],"predecessor-version":[{"id":4665,"href":"https:\/\/ciudadliberal.cl\/index.php?rest_route=\/wp\/v2\/posts\/4663\/revisions\/4665"}],"wp:featuredmedia":[{"embeddable":true,"href":"https:\/\/ciudadliberal.cl\/index.php?rest_route=\/wp\/v2\/media\/4664"}],"wp:attachment":[{"href":"https:\/\/ciudadliberal.cl\/index.php?rest_route=%2Fwp%2Fv2%2Fmedia&parent=4663"}],"wp:term":[{"taxonomy":"category","embeddable":true,"href":"https:\/\/ciudadliberal.cl\/index.php?rest_route=%2Fwp%2Fv2%2Fcategories&post=4663"},{"taxonomy":"post_tag","embeddable":true,"href":"https:\/\/ciudadliberal.cl\/index.php?rest_route=%2Fwp%2Fv2%2Ftags&post=4663"}],"curies":[{"name":"wp","href":"https:\/\/api.w.org\/{rel}","templated":true}]}}