{"id":4660,"date":"2019-01-31T08:21:07","date_gmt":"2019-01-31T12:21:07","guid":{"rendered":"https:\/\/ciudadliberal.cl\/?p=4660"},"modified":"2019-01-31T08:21:07","modified_gmt":"2019-01-31T12:21:07","slug":"las-condes-sigue-el-camino-de-felipe-kast-e-idea-plan-machuca-municipal","status":"publish","type":"post","link":"https:\/\/ciudadliberal.cl\/?p=4660","title":{"rendered":"Las Condes sigue el camino de Felipe Kast e idea plan \u201cMachuca Municipal\u201d"},"content":{"rendered":"<p>El alcalde de Las Condes explic\u00f3 que su propuesta de car\u00e1cter integrador busca que algunos estudiantes de colegios municipales puedan ingresar a los particulares para vivir la experiencia de sus proyectos educativos. El financiamiento ser\u00eda tripartito.<\/p>\n<p>\u201cPedimos a los colegios particulares cupos para los alumnos de establecimientos municipales que quieran participar de esta experiencia de integraci\u00f3n\u201d, se\u00f1al\u00f3 la m\u00e1xima autoridad de la comuna de Las Condes, Joaqu\u00edn Lav\u00edn.<\/p>\n<p>As\u00ed defini\u00f3 el plan piloto que implementar\u00e1 en marzo pr\u00f3ximo en su comuna, replicando, a su modo, la propuesta del senador de Ev\u00f3poli, Felipe Kast, con su \u201cley Machuca Liberal\u201d.<\/p>\n<p>Cabe recordar que el legislador junto al diputado de la UDI, Jaime Bellolio ya hab\u00edan propuesto la iniciativa, planteando que el costo de tener a un porcentaje de alumnos vulnerables en colegios particulares fuera compartido, mientras que la oposici\u00f3n que tom\u00f3 su idea exige que la matr\u00edcula sea de 30% con cargo a los establecimientos receptores.<\/p>\n<p>La iniciativa proyectada en el largo plazo de car\u00e1cter voluntario fue bautizada como \u201cMachuca Municipal\u201d y consiste en que los recintos educacionales pagados reciban a un n\u00famero determinado de estudiantes vulnerables de aquellos municipales para que puedan recibir una educaci\u00f3n de alto est\u00e1ndar.<\/p>\n<p>\u201cEs un sistema voluntario, queremos que los colegios se abran a esta experiencia y que alumnos quieran participar. Estamos pidiendo las vacantes que ellos puedan, ojal\u00e1 para los m\u00e1s chicos posibles, preb\u00e1sica, porque mientras m\u00e1s chicos comiencen estas experiencia mejor\u201d, coment\u00f3 a La Segunda el alcalde que ya ha formalizado su petici\u00f3n a 50 establecimientos.<\/p>\n<p>Subray\u00f3 que el objetivo es establecer una alianza entre los colegios, el municipio y las familias de los ni\u00f1os y adolescentes que quieran ser parte de este desaf\u00edo que emula el modelo integrativo que aplic\u00f3 el colegio Saint George hace 50 a\u00f1os y en el que se inspir\u00f3 la pel\u00edcula \u201cMachuca\u201d.<\/p>\n<p>\u201cEs un proceso que tiene que ser acompa\u00f1ado, no un alumno que es dejado a su suerte. He le\u00eddo las entrevistas de los alumnos que hicieron este proceso, y si bien todos reconocen que les abri\u00f3 oportunidades en la vida que antes no ten\u00edan, tambi\u00e9n reconocen algunos que lo pasaron mal, que fue dif\u00edcil. Todos estos aspectos los queremos cubrir con acompa\u00f1amiento. Es parte de un plan integral\u201d, recalc\u00f3.<\/p>\n<p>Fuente: <a href=\"http:\/\/lanacion.cl\/2019\/01\/29\/lavin-sigue-el-camino-de-felipe-kast-e-idea-plan-machuca-municipal\/\">La Naci\u00f3n<\/a><\/p>\n","protected":false},"excerpt":{"rendered":"<p>El alcalde de Las Condes explic\u00f3 que su propuesta de car\u00e1cter integrador busca que algunos estudiantes de colegios municipales puedan ingresar a los particulares para vivir la experiencia de sus proyectos educativos. El financiamiento ser\u00eda tripartito. \u201cPedimos a los colegios particulares cupos para los alumnos de establecimientos municipales que quieran participar de esta experiencia de [&hellip;]<\/p>\n","protected":false},"author":1,"featured_media":4661,"comment_status":"closed","ping_status":"closed","sticky":false,"template":"","format":"standard","meta":{"footnotes":""},"categories":[7,16,2],"tags":[],"class_list":["post-4660","post","type-post","status-publish","format-standard","has-post-thumbnail","hentry","category-noticias-liberales","category-internet","category-portada"],"_links":{"self":[{"href":"https:\/\/ciudadliberal.cl\/index.php?rest_route=\/wp\/v2\/posts\/4660","targetHints":{"allow":["GET"]}}],"collection":[{"href":"https:\/\/ciudadliberal.cl\/index.php?rest_route=\/wp\/v2\/posts"}],"about":[{"href":"https:\/\/ciudadliberal.cl\/index.php?rest_route=\/wp\/v2\/types\/post"}],"author":[{"embeddable":true,"href":"https:\/\/ciudadliberal.cl\/index.php?rest_route=\/wp\/v2\/users\/1"}],"replies":[{"embeddable":true,"href":"https:\/\/ciudadliberal.cl\/index.php?rest_route=%2Fwp%2Fv2%2Fcomments&post=4660"}],"version-history":[{"count":1,"href":"https:\/\/ciudadliberal.cl\/index.php?rest_route=\/wp\/v2\/posts\/4660\/revisions"}],"predecessor-version":[{"id":4662,"href":"https:\/\/ciudadliberal.cl\/index.php?rest_route=\/wp\/v2\/posts\/4660\/revisions\/4662"}],"wp:featuredmedia":[{"embeddable":true,"href":"https:\/\/ciudadliberal.cl\/index.php?rest_route=\/wp\/v2\/media\/4661"}],"wp:attachment":[{"href":"https:\/\/ciudadliberal.cl\/index.php?rest_route=%2Fwp%2Fv2%2Fmedia&parent=4660"}],"wp:term":[{"taxonomy":"category","embeddable":true,"href":"https:\/\/ciudadliberal.cl\/index.php?rest_route=%2Fwp%2Fv2%2Fcategories&post=4660"},{"taxonomy":"post_tag","embeddable":true,"href":"https:\/\/ciudadliberal.cl\/index.php?rest_route=%2Fwp%2Fv2%2Ftags&post=4660"}],"curies":[{"name":"wp","href":"https:\/\/api.w.org\/{rel}","templated":true}]}}