{"id":4657,"date":"2019-01-30T15:00:15","date_gmt":"2019-01-30T19:00:15","guid":{"rendered":"https:\/\/ciudadliberal.cl\/?p=4657"},"modified":"2019-01-30T15:00:15","modified_gmt":"2019-01-30T19:00:15","slug":"juez-madrid-califica-como-homicidio-muerte-de-eduardo-frei-montalva-y-entrega-fallo-tras-19-anos-de-investigacion","status":"publish","type":"post","link":"https:\/\/ciudadliberal.cl\/?p=4657","title":{"rendered":"Juez Madrid califica como homicidio muerte de Eduardo Frei Montalva y entrega fallo tras 19 a\u00f1os de investigaci\u00f3n"},"content":{"rendered":"<p>La sentencia apunta a la intervenci\u00f3n de terceros durante los procedimientos que terminaron con el fallecimiento del ex mandatario.<\/p>\n<p>En 2009, el juez Alejandro Madrid r\u00f3tulo la investigaci\u00f3n por la muerte del expresidente Eduardo Frei Montalva como homicidio. Casi exactos 10 a\u00f1os despu\u00e9s, y tras 19 a\u00f1os de investigaci\u00f3n, el magistrado ratific\u00f3 esta tarde -en un hecho hist\u00f3rico- el car\u00e1cter del fallecimiento: fue un crimen.<\/p>\n<p>En las 811 p\u00e1ginas del fallo, Madrid apunta a las responsabilidades de terceros que habr\u00edan intervenido en el per\u00edodo en que Frei Montalva estuvo internado en la cl\u00ednica Santa Mar\u00eda tras complicaciones por una operaci\u00f3n de una hernia al hiato. En esa l\u00ednea, su fallo establece que Frei Montalva habr\u00eda sido asesinado, en l\u00ednea con la postura que ha mantenido durante a\u00f1os su hija Carmen, quien sostiene que el caso es un magnicidio.<\/p>\n<p>En una noticia publicada en el sitio del Poder Judicial, se se\u00f1ala que \u201cel magistrado conden\u00f3 al m\u00e9dico Patricio Silva Gar\u00edn a la pena efectiva de 10 a\u00f1os a\u00f1os de presidio mayor en su grado m\u00ednimo por su responsabilidad como autor del delito de homicidio, previsto y sancionado en el art\u00edculo 391 n\u00famero 2 del C\u00f3digo Penal. En tanto, se conden\u00f3 como coautores del mismo delito a Luis Becerra Arancibia (chofer personal del mandatario e informante de la CNI) y Ra\u00fal Lillo Guti\u00e9rrez (agente civil de la CNI) a la pena efectiva de siete a\u00f1os de presidio mayor en su grado m\u00ednimo\u201d.<\/p>\n<div>\n<p>El texto a\u00f1ade que \u201cel ministro Madrid sentenci\u00f3 al m\u00e9dico Pedro Valdivia Soto a la pena efectiva de cinco a\u00f1os de presidio menor en su grado m\u00e1ximo por su responsabilidad como c\u00f3mplice del mismo hecho y a los tanat\u00f3logos Helmar Rosenberg G\u00f3mez y Sergio Gonz\u00e1lez Bombardiere a las penas de 3 a\u00f1os de presidio menor en su grado medio en calidad de encubridores, pena que deber\u00e1n cumplir mediante la remisi\u00f3n condicional\u201d.<\/p>\n<p>En el camino, la indagatoria ha apuntado a roles que habr\u00edan jugado personas de la estrecha confianza de Frei Montalva y ubicados en posiciones claves de su c\u00edrculo de hierro.<\/p>\n<p>La muerte de Frei Montalva ha sido durante d\u00e9cadas un tema sobre el que pende un manto de dudas. La presencia de agentes qu\u00edmicos en otros casos vinculados a la acci\u00f3n de los servicios de inteligencia del r\u00e9gimen militar hizo que desde la propia familia del exmandatario -en particular su hija, la exsenadora Carmen Frei- impulsaran la necesidad de investigar si el agravamiento s\u00fabito del l\u00edder de la DC tras lo que parec\u00eda ser una operaci\u00f3n de rutina obedec\u00eda tambi\u00e9n a la intervenci\u00f3n de terceros.<\/p>\n<h2>Rol pol\u00edtico<\/h2>\n<p>Frei Montalva, presidente entre 1964 y 1970 y figura ic\u00f3nica de la Democracia Cristiana, al momento de fallecer, en enero de 1982, era el rostro m\u00e1s visible de la oposici\u00f3n al r\u00e9gimen de Augusto Pinochet.<\/p>\n<p>Al momento de su deceso Frei Montalva ven\u00eda de liderar en 1980 la campa\u00f1a de una oposici\u00f3n que se un\u00eda por primera vez para votar \u201cNo\u201d en el plebiscito que buscaba ratificar la Constituci\u00f3n creada por el r\u00e9gimen y entregar ocho a\u00f1os de gobierno a Augusto Pinochet. De esa campa\u00f1a, el recuerdo m\u00e1s emblem\u00e1tico es el \u201cCaupolicanazo\u201d, un acto en el hist\u00f3rico teatro santiaguino con el expresidente como orador principal.<\/p>\n<p>Su rol no era casual. Pese a ser un ac\u00e9rrimo opositor de Salvador Allende y a enfrentarse por ello a las colectividades que integraron la Unidad Popular, su ascendente como uno de los pol\u00edticos chilenos m\u00e1s destacados del siglo XX lo situaban como referente natural en un momento en que adem\u00e1s las colectividades pol\u00edticas estaban proscritas.<\/p>\n<h2>El rol de la familia<\/h2>\n<p>La familia Frei ha jugado un rol clave en el proceso, aun cuando hay diferencias entre los hijos sobre la forma de encarar el escenario, en especial en los \u00faltimos a\u00f1os.<\/p>\n<p>Por ejemplo, una de las \u00faltimas controversias se dio cuando en agosto pasado Sebasti\u00e1n Pi\u00f1era nombr\u00f3 a Luis Castillo como subsecretario de Redes Asistenciales, debido a que uno de los temas que Madrid indag\u00f3 en la investigaci\u00f3n es su rol en un episodio en que se encontr\u00f3, en el a\u00f1o 2000, una autopsia desconocida hecha al ex mandatario, cuya documentaci\u00f3n estaba en el Hospital Cl\u00ednico de la Universidad Cat\u00f3lica, del que Castillo era jefe.<\/p>\n<p>En ese punto, la familia acusaba al m\u00e9dico -a quien el fallo de Madrid exculpa de responsabilidades- de haber ocultado el informe que estaba en su poder, lo que a su vez desat\u00f3 el bloqueo de la DC para cualquier gesti\u00f3n en su rol de subsecretario. Sin embargo, Eduardo Frei Ruiz-Tagle se ha mantenido con un rol relevante como embajador plenipotenciario en el Asia Pac\u00edfico e incluso apoyando iniciativas del gobierno, ante lo que su hermana Carmen ha cuestionado veladamente dicha postura.<\/p>\n<p>Fuente: <a href=\"https:\/\/www.latercera.com\/nacional\/noticia\/juez-madrid-dictamina-muerte-frei-montalva-fue-homicidio-entrega-sentencia-primera-instancia\/507264\/\">La Tercera<\/a><\/p>\n<\/div>\n","protected":false},"excerpt":{"rendered":"<p>La sentencia apunta a la intervenci\u00f3n de terceros durante los procedimientos que terminaron con el fallecimiento del ex mandatario. En 2009, el juez Alejandro Madrid r\u00f3tulo la investigaci\u00f3n por la muerte del expresidente Eduardo Frei Montalva como homicidio. Casi exactos 10 a\u00f1os despu\u00e9s, y tras 19 a\u00f1os de investigaci\u00f3n, el magistrado ratific\u00f3 esta tarde -en [&hellip;]<\/p>\n","protected":false},"author":1,"featured_media":4658,"comment_status":"closed","ping_status":"closed","sticky":false,"template":"","format":"standard","meta":{"footnotes":""},"categories":[16,2],"tags":[],"class_list":["post-4657","post","type-post","status-publish","format-standard","has-post-thumbnail","hentry","category-internet","category-portada"],"_links":{"self":[{"href":"https:\/\/ciudadliberal.cl\/index.php?rest_route=\/wp\/v2\/posts\/4657","targetHints":{"allow":["GET"]}}],"collection":[{"href":"https:\/\/ciudadliberal.cl\/index.php?rest_route=\/wp\/v2\/posts"}],"about":[{"href":"https:\/\/ciudadliberal.cl\/index.php?rest_route=\/wp\/v2\/types\/post"}],"author":[{"embeddable":true,"href":"https:\/\/ciudadliberal.cl\/index.php?rest_route=\/wp\/v2\/users\/1"}],"replies":[{"embeddable":true,"href":"https:\/\/ciudadliberal.cl\/index.php?rest_route=%2Fwp%2Fv2%2Fcomments&post=4657"}],"version-history":[{"count":1,"href":"https:\/\/ciudadliberal.cl\/index.php?rest_route=\/wp\/v2\/posts\/4657\/revisions"}],"predecessor-version":[{"id":4659,"href":"https:\/\/ciudadliberal.cl\/index.php?rest_route=\/wp\/v2\/posts\/4657\/revisions\/4659"}],"wp:featuredmedia":[{"embeddable":true,"href":"https:\/\/ciudadliberal.cl\/index.php?rest_route=\/wp\/v2\/media\/4658"}],"wp:attachment":[{"href":"https:\/\/ciudadliberal.cl\/index.php?rest_route=%2Fwp%2Fv2%2Fmedia&parent=4657"}],"wp:term":[{"taxonomy":"category","embeddable":true,"href":"https:\/\/ciudadliberal.cl\/index.php?rest_route=%2Fwp%2Fv2%2Fcategories&post=4657"},{"taxonomy":"post_tag","embeddable":true,"href":"https:\/\/ciudadliberal.cl\/index.php?rest_route=%2Fwp%2Fv2%2Ftags&post=4657"}],"curies":[{"name":"wp","href":"https:\/\/api.w.org\/{rel}","templated":true}]}}