{"id":4421,"date":"2019-01-03T21:20:37","date_gmt":"2019-01-04T01:20:37","guid":{"rendered":"https:\/\/ciudadliberal.cl\/?p=4421"},"modified":"2019-01-03T21:20:37","modified_gmt":"2019-01-04T01:20:37","slug":"debaten-proyecto-sobre-cuota-de-genero-en-elecciones-regionales-y-municipales","status":"publish","type":"post","link":"https:\/\/ciudadliberal.cl\/?p=4421","title":{"rendered":"Debaten proyecto sobre cuota de g\u00e9nero en elecciones regionales y municipales"},"content":{"rendered":"<p>Considerar la territorialidad es uno de los puntos en que coinciden la exsubsecretaria del Sernam, Gloria Maira, y Javiera Arce, de la Unidad de Igualdad y Diversidad de la Universidad de Valpara\u00edso, en el debate sobre una ley de cuotas para estos cargos.<\/p>\n<p>Legislar sobre una ley de cuota de g\u00e9nero en las elecciones de gobernadores regionales, alcaldes y concejales es clave, coinciden las invitadas a la Comisi\u00f3n sobre Mujeres y Equidad de G\u00e9nero de la C\u00e1mara que analiza esta moci\u00f3n (<a href=\"https:\/\/www.camara.cl\/legislacion\/ProyectosDeLey\/tramitacion.aspx?prmID=12512&amp;prmBOLETIN=11994-34\" target=\"_blank\" rel=\"noopener\">bolet\u00edn 11994<\/a>).<\/p>\n<p>Si bien ya existe una experiencia previa en este \u00e1mbito, con la ley de cuotas en las elecciones parlamentarias, hoy existe la posibilidad de profundizar hacia la pertinencia territorial de este instrumento, subray\u00f3 Javiera Arce, de la Unidad de Igualdad y Diversidad de la Universidad de Valpara\u00edso.<\/p>\n<p>Sostuvo que los partidos pol\u00edticos, en general, generan muchas omisiones, incluso territoriales, debido a nuestra estructura absolutamente centralista que se refleja en las decisiones p\u00fablicas.<\/p>\n<p>\u00abEntonces, lo que tendr\u00edamos que buscar o ir avanzando es hacia, justamente, que los partidos pol\u00edticos sean capaces de ellos promover sus propios liderazgos femeninos en los territorios y ellos mismos darse cuenta de qu\u00e9 manera potenciar a las mujeres que existen en esos espacios\u201d, acot\u00f3.<\/p>\n<p>La visi\u00f3n fue compartida por gran parte de los expositores que entregaron su opini\u00f3n sobre la moci\u00f3n, aunque, seg\u00fan explic\u00f3 la diputada\u00a0<a href=\"http:\/\/www.camara.cl\/camara\/diputado_detalle.aspx?prmid=1047\" target=\"_blank\" rel=\"noopener\">Karin Luck<\/a>\u00a0(RN), tambi\u00e9n hubo comentarios relativos a formaci\u00f3n y fiscalizaci\u00f3n.<\/p>\n<p>Inform\u00f3 que otro de los grandes temas que est\u00e1 en debate es el relativo a aquellas elecciones en donde se elige una sola persona, como son las figuras del alcalde o de los gobernadores regionales. \u00abNo hay problema en que haya temas proporcionales, pero si se plantean muchas diferencias entre si damos el paso o no damos el paso para que sea cuando es un solo candidato\u201d, agreg\u00f3<\/p>\n<p>En este sentido, la presidenta de la comisi\u00f3n,\u00a0<a href=\"http:\/\/www.camara.cl\/camara\/diputado_detalle.aspx?prmid=974\" target=\"_blank\" rel=\"noopener\">Loreto Carvajal<\/a>\u00a0(PPD), manifest\u00f3 que Chile debe apuntar hacia una transformaci\u00f3n, tanto en la Constituci\u00f3n como en la Ley de Partidos Pol\u00edticos.<\/p>\n<p>\u201cLamentablemente, el poder mayor, o uno de los poderes mayores, que tienen las directivas de los partidos pol\u00edticos se genera en las secretar\u00edas generales y, hoy d\u00eda, no tenemos en las secretar\u00edas generales, por lo menos en los partidos grandes, a mujeres. La mayor\u00eda son hombres, pero, a su vez, tambi\u00e9n a nivel de direcciones seguimos teniendo un n\u00famero inferior de mujeres, no tenemos equidad de g\u00e9nero\u201d, remarc\u00f3.<\/p>\n<p>Los antecedentes que expone el proyecto dan cuenta de un estudio del Programa de las Naciones Unidas para el Desarrollo (PNUD) sobre mujeres y elecciones municipales 2016.<\/p>\n<p>Dicho estudio sanciona que si la norma sobre el m\u00e1ximo de candidatos de un mismo sexo que rige para las elecciones parlamentarias hubiese operado como marco regulatorio para las municipales, solo un 17% de los partidos pol\u00edticos podr\u00eda haber competido, ya que solo tres cumplir\u00edan con la norma de equilibrio de g\u00e9nero que obliga a los partidos pol\u00edticos a que en sus listas de candidatos\/as ning\u00fan sexo supere el 60%, ni est\u00e9 por debajo del 40%.<\/p>\n<p>Fuente: <a href=\"https:\/\/www.camara.cl\/prensa\/noticias_detalle.aspx?prmid=135977\">C\u00e1mara de Diputados<\/a><\/p>\n","protected":false},"excerpt":{"rendered":"<p>Considerar la territorialidad es uno de los puntos en que coinciden la exsubsecretaria del Sernam, Gloria Maira, y Javiera Arce, de la Unidad de Igualdad y Diversidad de la Universidad de Valpara\u00edso, en el debate sobre una ley de cuotas para estos cargos. Legislar sobre una ley de cuota de g\u00e9nero en las elecciones de [&hellip;]<\/p>\n","protected":false},"author":1,"featured_media":4422,"comment_status":"closed","ping_status":"closed","sticky":false,"template":"","format":"standard","meta":{"footnotes":""},"categories":[16,2],"tags":[],"class_list":["post-4421","post","type-post","status-publish","format-standard","has-post-thumbnail","hentry","category-internet","category-portada"],"_links":{"self":[{"href":"https:\/\/ciudadliberal.cl\/index.php?rest_route=\/wp\/v2\/posts\/4421","targetHints":{"allow":["GET"]}}],"collection":[{"href":"https:\/\/ciudadliberal.cl\/index.php?rest_route=\/wp\/v2\/posts"}],"about":[{"href":"https:\/\/ciudadliberal.cl\/index.php?rest_route=\/wp\/v2\/types\/post"}],"author":[{"embeddable":true,"href":"https:\/\/ciudadliberal.cl\/index.php?rest_route=\/wp\/v2\/users\/1"}],"replies":[{"embeddable":true,"href":"https:\/\/ciudadliberal.cl\/index.php?rest_route=%2Fwp%2Fv2%2Fcomments&post=4421"}],"version-history":[{"count":1,"href":"https:\/\/ciudadliberal.cl\/index.php?rest_route=\/wp\/v2\/posts\/4421\/revisions"}],"predecessor-version":[{"id":4423,"href":"https:\/\/ciudadliberal.cl\/index.php?rest_route=\/wp\/v2\/posts\/4421\/revisions\/4423"}],"wp:featuredmedia":[{"embeddable":true,"href":"https:\/\/ciudadliberal.cl\/index.php?rest_route=\/wp\/v2\/media\/4422"}],"wp:attachment":[{"href":"https:\/\/ciudadliberal.cl\/index.php?rest_route=%2Fwp%2Fv2%2Fmedia&parent=4421"}],"wp:term":[{"taxonomy":"category","embeddable":true,"href":"https:\/\/ciudadliberal.cl\/index.php?rest_route=%2Fwp%2Fv2%2Fcategories&post=4421"},{"taxonomy":"post_tag","embeddable":true,"href":"https:\/\/ciudadliberal.cl\/index.php?rest_route=%2Fwp%2Fv2%2Ftags&post=4421"}],"curies":[{"name":"wp","href":"https:\/\/api.w.org\/{rel}","templated":true}]}}