{"id":4418,"date":"2019-01-03T13:37:00","date_gmt":"2019-01-03T17:37:00","guid":{"rendered":"https:\/\/ciudadliberal.cl\/?p=4418"},"modified":"2019-01-03T13:37:00","modified_gmt":"2019-01-03T17:37:00","slug":"macron-rechaza-la-violencia-de-los-chalecos-amarillos-y-avanza-nuevas-reformas","status":"publish","type":"post","link":"https:\/\/ciudadliberal.cl\/?p=4418","title":{"rendered":"Macron rechaza la violencia de los chalecos amarillos y avanza nuevas reformas"},"content":{"rendered":"<p>Emmanuel Macron sigue en los niveles m\u00e1s bajos de popularidad de su mandato, a pesar de todos los esfuerzos por rebajar su imagen de cierta prepotencia a trav\u00e9s de las concesiones a los chalecos amarillos. En su mensaje de fin de a\u00f1o, sin nombrar a los manifestantes, djo haber entendido el mensaje de enfado, que interpreta como una muestra de que los franceses no est\u00e1n dispuestos a resignarse y quieren que el pa\u00eds avance. De ah\u00ed su voluntad de continuar con las siguientes reformas, la de las pensiones, del seguro del paro y de la Administraci\u00f3n. Pero Macron tambi\u00e9n lanz\u00f3 una doble advertencia en direcci\u00f3n de los chalecos amarillos: que las autoridades actuar\u00e1n sin complacencia contra la violencia y los des\u00f3rdenes que han protagonizado estas \u00faltimas semanas; y que en ese movimiento han surgido mensajes de odio que son \u00abla negaci\u00f3n de Francia\u00bb.Cr\u00edticasDesde la oposici\u00f3n, la l\u00edder ultraderechista, Marine Le Pen, lo trat\u00f3 de \u00abimpostor y de pir\u00f3mano\u00bb, y su partido le reproch\u00f3 su actitud agria contra los chalecos amarillos cuando \u00abla naci\u00f3n necesitaba calma, una visi\u00f3n elevada y fraterna, un jefe de Estado \u00e1rbitro\u00bb. Jean-Luc Mel\u00e8nchon insisti\u00f3 en que \u00abel presidente de los ricos ha lanzado una cortina de humo\u00bb y los socialistas y la derecha tampoco ahorraron cr\u00edticas. Seg\u00fan explic\u00f3 en un comunicado el Ministerio franc\u00e9s del Interior, unas 200.000 personas se concentraron en los Campos El\u00edseos para la llegada del 2019. Entre ellas hab\u00eda un grupo de \u00fanicamente unos 200 chalecos amarillos, que no provocaron altercados.<\/p>\n<p>Fuente: <a href=\"https:\/\/www.lavozdegalicia.es\/noticia\/internacional\/2019\/01\/02\/macron-rechaza-violencia-chalecos-amarillos-avanza-nuevas-reformas\/0003_201901G2P20992.htm\">La Voz de Galicia<\/a><\/p>\n","protected":false},"excerpt":{"rendered":"<p>Emmanuel Macron sigue en los niveles m\u00e1s bajos de popularidad de su mandato, a pesar de todos los esfuerzos por rebajar su imagen de cierta prepotencia a trav\u00e9s de las concesiones a los chalecos amarillos. En su mensaje de fin de a\u00f1o, sin nombrar a los manifestantes, djo haber entendido el mensaje de enfado, que [&hellip;]<\/p>\n","protected":false},"author":1,"featured_media":4419,"comment_status":"closed","ping_status":"closed","sticky":false,"template":"","format":"standard","meta":{"footnotes":""},"categories":[14,2],"tags":[],"class_list":["post-4418","post","type-post","status-publish","format-standard","has-post-thumbnail","hentry","category-entertainment","category-portada"],"_links":{"self":[{"href":"https:\/\/ciudadliberal.cl\/index.php?rest_route=\/wp\/v2\/posts\/4418","targetHints":{"allow":["GET"]}}],"collection":[{"href":"https:\/\/ciudadliberal.cl\/index.php?rest_route=\/wp\/v2\/posts"}],"about":[{"href":"https:\/\/ciudadliberal.cl\/index.php?rest_route=\/wp\/v2\/types\/post"}],"author":[{"embeddable":true,"href":"https:\/\/ciudadliberal.cl\/index.php?rest_route=\/wp\/v2\/users\/1"}],"replies":[{"embeddable":true,"href":"https:\/\/ciudadliberal.cl\/index.php?rest_route=%2Fwp%2Fv2%2Fcomments&post=4418"}],"version-history":[{"count":1,"href":"https:\/\/ciudadliberal.cl\/index.php?rest_route=\/wp\/v2\/posts\/4418\/revisions"}],"predecessor-version":[{"id":4420,"href":"https:\/\/ciudadliberal.cl\/index.php?rest_route=\/wp\/v2\/posts\/4418\/revisions\/4420"}],"wp:featuredmedia":[{"embeddable":true,"href":"https:\/\/ciudadliberal.cl\/index.php?rest_route=\/wp\/v2\/media\/4419"}],"wp:attachment":[{"href":"https:\/\/ciudadliberal.cl\/index.php?rest_route=%2Fwp%2Fv2%2Fmedia&parent=4418"}],"wp:term":[{"taxonomy":"category","embeddable":true,"href":"https:\/\/ciudadliberal.cl\/index.php?rest_route=%2Fwp%2Fv2%2Fcategories&post=4418"},{"taxonomy":"post_tag","embeddable":true,"href":"https:\/\/ciudadliberal.cl\/index.php?rest_route=%2Fwp%2Fv2%2Ftags&post=4418"}],"curies":[{"name":"wp","href":"https:\/\/api.w.org\/{rel}","templated":true}]}}