{"id":4322,"date":"2018-12-19T15:58:35","date_gmt":"2018-12-19T19:58:35","guid":{"rendered":"https:\/\/ciudadliberal.cl\/?p=4322"},"modified":"2018-12-19T15:58:35","modified_gmt":"2018-12-19T19:58:35","slug":"diputados-impulsan-acusacion-constitucional-contra-ministro-chadwick","status":"publish","type":"post","link":"https:\/\/ciudadliberal.cl\/?p=4322","title":{"rendered":"Diputados impulsan acusaci\u00f3n constitucional contra ministro Chadwick"},"content":{"rendered":"<p>Los lesgisladores Emilia Nuyado (PS), Ricardo Celis (PPD), Tom\u00e1s Hirsh (PH) y Carmen Hertz (PC) se mostraron favorables a este mecanismo.<\/p>\n<p>Los diputados Emilia Nuyado (PS), quien lider\u00f3 la interpelaci\u00f3n contra el ministro Andr\u00e9s Chadwick; Andr\u00e9s Celis (PPD), jefe de bancada; Carmen Hertz (PC), presidenta de la Comisi\u00f3n de DD.HH y Tom\u00e1s Hirsch (PH) pidieron a la oposici\u00f3n evaluar una acusaci\u00f3n constitucional contra el ministro del Interior Andr\u00e9s Chadwick en el marco de sus responsabilidades pol\u00edticas por el asesinato del comunero Camilo Catrillanca.<\/p>\n<p>Las declaraciones fueron emitidas luego que\u00a0<strong>La Tercera PM<\/strong>\u00a0publicara dos videos con registros del operativo en que muri\u00f3 el comunero.<\/p>\n<p>\u201cYo quisiera convocar a las bancadas de oposici\u00f3n a evaluar una acusaci\u00f3n constitucional contra el ministro Chadwick, ya que \u00e9l en la interpelaci\u00f3n se\u00f1al\u00f3 que cuando sucedieron los hechos elabor\u00f3 protocolos y estuvo en tiempos oportunos solicitando renuncias y dando de baja a carabineros que hab\u00edan mentido. \u00c9l minti\u00f3 el d\u00eda de la interpelaci\u00f3n y el ministro debe dar una paso al lado por el bien de la comunidad y del pueblo mapuche!, dijo la legisladora PS.<\/p>\n<p>Nuyado tambi\u00e9n exigi\u00f3 la renuncia del general director de Carabineros Hermes Soto. \u201cEsto ha sobrepasado todos los l\u00edmites. Es una verg\u00fcenza que una autoridad de gobierno haya mentido, que haya dicho que no hab\u00edan m\u00e1s antecedentes\u201d<\/p>\n<p>En esta l\u00ednea, el diputado Celis sostuvo que \u201cel ministro de Interior tiene responsabilidad, cuando vino ac\u00e1 siempre se\u00f1al\u00f3 algo, que \u00e9l no tenia conocimiento o que no exist\u00eda este documento y qued\u00f3 claro, como aqu\u00ed se ha dicho, o no tiene control sobre Carabineros o Carabineros le est\u00e1 mintiendo todos los d\u00edas y eso es no es posible para un ministro\u201d.<\/p>\n<p>Respecto a la acusaci\u00f3n constitucional, el jefe de bancada PPD emplaz\u00f3 a la DC y el PR a que \u201cnos acompa\u00f1en en esta decisi\u00f3n porque para una acusaci\u00f3n constitucional tener mayor\u00eda\u201d.<\/p>\n<p>\u201cEn mi opini\u00f3n, la C\u00e1mara de Diputados est\u00e1 obligada a ejercer los mecanismo de fiscalizaci\u00f3n que se le otorgan, y ente ellos est\u00e1n la acusaci\u00f3n constitucional contra el ministro del Interior\u201d, agreg\u00f3 en el punto de prensa la parlamentaria Carmen Hertz (PC).<\/p>\n<p>El diputado Tom\u00e1s Hirsh (PH) dijo que Chadwick debe \u201cdar un paso al costado\u201d. \u201cAmerita que desde esta C\u00e1mara de Diputados avancemos en una acusaci\u00f3n constitucional, porque estamos ante un ministro al que le caben s\u00f3lo dos posibilidades: o bien no tiene ni un control sobre Carabineros, lo cual ya es grav\u00edsimo, o bien miente descaradamente, lo cual tambi\u00e9n es tremendamente grave. En ambos casos, lo que corresponde es una acusaci\u00f3n constitucional, porque claramente est\u00e1 faltando a su deber como ministro\u201d.<\/p>\n<p>Fuente: La Tercera<\/p>\n","protected":false},"excerpt":{"rendered":"<p>Los lesgisladores Emilia Nuyado (PS), Ricardo Celis (PPD), Tom\u00e1s Hirsh (PH) y Carmen Hertz (PC) se mostraron favorables a este mecanismo. Los diputados Emilia Nuyado (PS), quien lider\u00f3 la interpelaci\u00f3n contra el ministro Andr\u00e9s Chadwick; Andr\u00e9s Celis (PPD), jefe de bancada; Carmen Hertz (PC), presidenta de la Comisi\u00f3n de DD.HH y Tom\u00e1s Hirsch (PH) pidieron [&hellip;]<\/p>\n","protected":false},"author":1,"featured_media":4090,"comment_status":"closed","ping_status":"closed","sticky":false,"template":"","format":"standard","meta":{"footnotes":""},"categories":[184,16,2],"tags":[],"class_list":["post-4322","post","type-post","status-publish","format-standard","has-post-thumbnail","hentry","category-derechos-humanos","category-internet","category-portada"],"_links":{"self":[{"href":"https:\/\/ciudadliberal.cl\/index.php?rest_route=\/wp\/v2\/posts\/4322","targetHints":{"allow":["GET"]}}],"collection":[{"href":"https:\/\/ciudadliberal.cl\/index.php?rest_route=\/wp\/v2\/posts"}],"about":[{"href":"https:\/\/ciudadliberal.cl\/index.php?rest_route=\/wp\/v2\/types\/post"}],"author":[{"embeddable":true,"href":"https:\/\/ciudadliberal.cl\/index.php?rest_route=\/wp\/v2\/users\/1"}],"replies":[{"embeddable":true,"href":"https:\/\/ciudadliberal.cl\/index.php?rest_route=%2Fwp%2Fv2%2Fcomments&post=4322"}],"version-history":[{"count":1,"href":"https:\/\/ciudadliberal.cl\/index.php?rest_route=\/wp\/v2\/posts\/4322\/revisions"}],"predecessor-version":[{"id":4323,"href":"https:\/\/ciudadliberal.cl\/index.php?rest_route=\/wp\/v2\/posts\/4322\/revisions\/4323"}],"wp:featuredmedia":[{"embeddable":true,"href":"https:\/\/ciudadliberal.cl\/index.php?rest_route=\/wp\/v2\/media\/4090"}],"wp:attachment":[{"href":"https:\/\/ciudadliberal.cl\/index.php?rest_route=%2Fwp%2Fv2%2Fmedia&parent=4322"}],"wp:term":[{"taxonomy":"category","embeddable":true,"href":"https:\/\/ciudadliberal.cl\/index.php?rest_route=%2Fwp%2Fv2%2Fcategories&post=4322"},{"taxonomy":"post_tag","embeddable":true,"href":"https:\/\/ciudadliberal.cl\/index.php?rest_route=%2Fwp%2Fv2%2Ftags&post=4322"}],"curies":[{"name":"wp","href":"https:\/\/api.w.org\/{rel}","templated":true}]}}