{"id":4314,"date":"2018-12-18T17:44:11","date_gmt":"2018-12-18T21:44:11","guid":{"rendered":"https:\/\/ciudadliberal.cl\/?p=4314"},"modified":"2018-12-18T17:44:38","modified_gmt":"2018-12-18T21:44:38","slug":"trudeau-los-detractores-atacan-el-pacto-migratorio-con-falsedades","status":"publish","type":"post","link":"https:\/\/ciudadliberal.cl\/?p=4314","title":{"rendered":"Trudeau: Los detractores atacan el Pacto Migratorio con falsedades"},"content":{"rendered":"<p>El primer ministro canadiense consider\u00f3 \u00abirresponsable\u00bb impugnar el acuerdo, del que se rest\u00f3 Chile.<\/p>\n<p>Apunt\u00f3 a los conservadores de su pa\u00eds, acus\u00e1ndolos de \u00abalarmar y desinformar\u00bb.<\/p>\n<p>El primer ministro de Canad\u00e1,\u00a0<strong>Justin Trudeau, acus\u00f3 a los conservadores de poner en riesgo el futuro de su pa\u00eds con la \u00abdesinformaci\u00f3n\u00bb sobre la migraci\u00f3n y, de paso, calific\u00f3 de \u00abirresponsables\u00bb las falsedades para atacar el Pacto Migratorio de la ONU.<\/strong><\/p>\n<p>Canad\u00e1 fue\u00a0uno de los m\u00e1s de 150 pa\u00edses que se sum\u00f3 Pacto Mundial para una Migraci\u00f3n Segura, Ordenada y Regular de Naciones Unidas, del que se rest\u00f3 Chile y que debe ser ratificado en la Asamblea General este mi\u00e9rcoles 19 de diciembre.<\/p>\n<p>En conversaci\u00f3n con\u00a0<em>The Canadian Press<\/em>, Trudeau (Partido Liberal) defendi\u00f3 la migraci\u00f3n y asegur\u00f3 que es beneficiosa para su pa\u00eds, frente a posiciones del Partido Conservador de Canad\u00e1 que lo acusan de no tomar responsabilidad sobre los problemas en la frontera.<\/p>\n<p>\u00abLa decisi\u00f3n que han tomado los conservadores recientemente de, por ejemplo, ir tras del pacto global de migraci\u00f3n de una manera que es\u00a0<strong>difundiendo deliberada y conscientemente falsedades<\/strong>\u00a0para obtener beneficios pol\u00edticos a corto plazo y para aumentar la inquietud sobre la inmigraci\u00f3n es<strong>\u00a0irresponsable<\/strong>\u00ab, critic\u00f3 el primer ministro canadiense.<\/p>\n<p>Recalc\u00f3 que \u00abno es la manera en la que deber\u00edamos estar avanzando en una forma reflexiva respecto a uno de los grandes temas que est\u00e1 enfrentando nuestro pa\u00eds\u00bb.<\/p>\n<p>\u00ab<strong>El alarmismo y la desinformaci\u00f3n que est\u00e1 siendo usada deliberada y conscientemente por el Partido Conservador ahora, es muy peligrosa para algo que ha tenido ventajas y beneficios extraordinarios para Canad\u00e1 por generaciones<\/strong>\u00ab, sentenci\u00f3.<\/p>\n<p>Sin embargo, Trudeau dijo estar abierto a discutir sobre la migraci\u00f3n, siempre que \u00e9sta se adhiera a \u00e1reas significativas como el n\u00famero correcto de inmigrantes que lleguen a Canad\u00e1 cada a\u00f1o y c\u00f3mo integrarlos adecuadamente dentro del pa\u00eds.<\/p>\n<p>Fuente: <a href=\"https:\/\/www.cooperativa.cl\/noticias\/mundo\/canada\/trudeau-los-detractores-atacan-el-pacto-migratorio-con-falsedades\/2018-12-17\/125642.html\">Cooperativa<\/a><\/p>\n","protected":false},"excerpt":{"rendered":"<p>El primer ministro canadiense consider\u00f3 \u00abirresponsable\u00bb impugnar el acuerdo, del que se rest\u00f3 Chile. Apunt\u00f3 a los conservadores de su pa\u00eds, acus\u00e1ndolos de \u00abalarmar y desinformar\u00bb. El primer ministro de Canad\u00e1,\u00a0Justin Trudeau, acus\u00f3 a los conservadores de poner en riesgo el futuro de su pa\u00eds con la \u00abdesinformaci\u00f3n\u00bb sobre la migraci\u00f3n y, de paso, calific\u00f3 [&hellip;]<\/p>\n","protected":false},"author":1,"featured_media":4315,"comment_status":"closed","ping_status":"closed","sticky":false,"template":"","format":"standard","meta":{"footnotes":""},"categories":[14,2,13],"tags":[],"class_list":["post-4314","post","type-post","status-publish","format-standard","has-post-thumbnail","hentry","category-entertainment","category-portada","category-voces"],"_links":{"self":[{"href":"https:\/\/ciudadliberal.cl\/index.php?rest_route=\/wp\/v2\/posts\/4314","targetHints":{"allow":["GET"]}}],"collection":[{"href":"https:\/\/ciudadliberal.cl\/index.php?rest_route=\/wp\/v2\/posts"}],"about":[{"href":"https:\/\/ciudadliberal.cl\/index.php?rest_route=\/wp\/v2\/types\/post"}],"author":[{"embeddable":true,"href":"https:\/\/ciudadliberal.cl\/index.php?rest_route=\/wp\/v2\/users\/1"}],"replies":[{"embeddable":true,"href":"https:\/\/ciudadliberal.cl\/index.php?rest_route=%2Fwp%2Fv2%2Fcomments&post=4314"}],"version-history":[{"count":2,"href":"https:\/\/ciudadliberal.cl\/index.php?rest_route=\/wp\/v2\/posts\/4314\/revisions"}],"predecessor-version":[{"id":4317,"href":"https:\/\/ciudadliberal.cl\/index.php?rest_route=\/wp\/v2\/posts\/4314\/revisions\/4317"}],"wp:featuredmedia":[{"embeddable":true,"href":"https:\/\/ciudadliberal.cl\/index.php?rest_route=\/wp\/v2\/media\/4315"}],"wp:attachment":[{"href":"https:\/\/ciudadliberal.cl\/index.php?rest_route=%2Fwp%2Fv2%2Fmedia&parent=4314"}],"wp:term":[{"taxonomy":"category","embeddable":true,"href":"https:\/\/ciudadliberal.cl\/index.php?rest_route=%2Fwp%2Fv2%2Fcategories&post=4314"},{"taxonomy":"post_tag","embeddable":true,"href":"https:\/\/ciudadliberal.cl\/index.php?rest_route=%2Fwp%2Fv2%2Ftags&post=4314"}],"curies":[{"name":"wp","href":"https:\/\/api.w.org\/{rel}","templated":true}]}}