{"id":4310,"date":"2018-12-18T01:08:59","date_gmt":"2018-12-18T05:08:59","guid":{"rendered":"https:\/\/ciudadliberal.cl\/?p=4310"},"modified":"2018-12-18T01:09:32","modified_gmt":"2018-12-18T05:09:32","slug":"la-incomoda-posicion-de-evopoli-tras-giro-ultraderechista-en-chile-vamos","status":"publish","type":"post","link":"https:\/\/ciudadliberal.cl\/?p=4310","title":{"rendered":"La inc\u00f3moda posici\u00f3n de Ev\u00f3poli tras giro \u201cultraderechista\u201d en Chile Vamos"},"content":{"rendered":"<p>Durante los \u00faltimos d\u00edas, parlamentarios y representantes de la UDI y RN se han acercado a posturas radicales, incluso llegando a ensalzar p\u00fablicamente la figura del dictador Augusto Pinochet. Una posici\u00f3n que gener\u00f3 ruido en el partido de \u00abderecha liberal\u00bb y que nuevamente plantea dudas sobre el rol que cumple en la coalici\u00f3n.<\/p>\n<p>No son pocos los militantes y representantes de Ev\u00f3poli que ven con preocupaci\u00f3n el giro a la ultraderecha que est\u00e1 tomando la coalici\u00f3n oficialista Chile Vamos.<\/p>\n<p>Y es que los encuentros con el hijo del electro mandatario de Brasil, Eduardo Bolsonaro, -de los que Ev\u00f3poli decidi\u00f3 marginarse-, los v\u00edtores que recibi\u00f3 la arenga pinochetista de la diputada Camila Flores en el consejo general de RN y finalmente, la reelecci\u00f3n de Jacqueline va Ryselberghe a la cabeza de la UDI, dejaron a la tienda presidida por Hern\u00e1n Larra\u00edn Matte en una inc\u00f3moda posici\u00f3n.<\/p>\n<p>As\u00ed lo explicit\u00f3 este lunes el propio l\u00edder de la colectividad, quien, en entrevista con Radio Zero, se\u00f1al\u00f3 que en Chile Vamos \u201cest\u00e1 emergiendo un grupo m\u00e1s de ultra derecha y que adem\u00e1s se va transparentando\u201d.<\/p>\n<p>En relaci\u00f3n a este sector dentro de la coalici\u00f3n, Larra\u00edn Matte fue categ\u00f3rico en que \u201cChile Vamos es una coalici\u00f3n que cuando naci\u00f3 en 2015 fund\u00f3 sus principios en la democracia, en los derechos humanos (\u2026) si hay personas que son pinochetistas al interior creo que ser\u00eda bueno que vuelvan a revisar los principios que fundaron nuestra coalici\u00f3n. Est\u00e1n bien claritos y el pinochetismo no est\u00e1 en ese cuadro\u201d.<\/p>\n<p>M\u00e1s tarde, y luego de la habitual reuni\u00f3n entre el Gobierno y los presidentes de la coalici\u00f3n, el presidente de Ev\u00f3poli reiter\u00f3 sus dichos, advirtiendo que su partido \u201cva a defender siempre los principios que vieron nacer a Chile Vamos\u201d distanci\u00e1ndose categ\u00f3ricamente de la postura de varios de sus socios.<\/p>\n<p>Tambi\u00e9n lo hicieron los vicepresidentes de la tienda, Felipe Kast y Francisco Undurraga. El primero, asegur\u00f3 en una entrevista el fin de semana ver\u00a0\u201ccon preocupaci\u00f3n a miembros de Chile Vamos tentados a girar a la extrema derecha\u201d, mientras que el segundo, expres\u00f3 que situaciones como la ocurrida en el consejo general de Renovaci\u00f3n Nacional, \u201cson un timbre de alarma hacia una derecha populista, con sesgos dictatoriales y poco democr\u00e1ticas, que es todo lo que nosotros no aspiramos y queremos para Chile\u201d.<\/p>\n<p><strong>Una historia de desencuentros<\/strong><\/p>\n<p>Si bien no es la primera vez que se expresan diferencias al interior de la coalici\u00f3n, la embestida de la derecha m\u00e1s dura y conservadora ha ido tomando cada vez m\u00e1s fuerza en el oficialismo, considerando, adem\u00e1s, que el ex candidato presidencial, Jos\u00e9 Antonio Kast, hizo p\u00fablicas sus intenciones de volver a postular por el sill\u00f3n presidencial.<\/p>\n<p>Una situaci\u00f3n que hace ruido no s\u00f3lo en los partidos, sino que tambi\u00e9n al interior de la casa de Gobierno, desde donde monitorean lo que ocurre con el ex parlamentario que representa a un sector importante de la derecha chilena, incluyendo un porcentaje que se ha desafectado de la denominada \u201ccentroderecha\u201d.<\/p>\n<p>Pero la distancia que marcaron hoy expl\u00edcitamente representantes de Ev\u00f3poli con el resto de Chile Vamos no es la primera. Hay que recordar discusiones como la de la Ley de identidad de G\u00e9nero que\u00a0 produjo una fuerte resistencia en\u00a0 gran parte del oficialismo, el matrimonio igualitario o las marcadas diferencias por\u00a0 parte del partido de Larra\u00edn Matte respecto al Museo de la Memoria, luego de la salida del ex ministro Mauricio Rojas. En la lista tambi\u00e9n se encuentra la participaci\u00f3n de Francisco Undurraga en el acto de conmemoraci\u00f3n de los 40 a\u00f1os del \u201cNO\u201d organizado por la oposici\u00f3n.<\/p>\n<p>En tanto, este lunes, a una semana de que se conociera la decisi\u00f3n del Ejecutivo de no suscribir el pacto migratorio de la ONU,\u00a0\u00a0Hern\u00e1n Larra\u00edn Matte solicit\u00f3 al Presidente Sebasti\u00e1n Pi\u00f1era reconsiderar la medida, ya que \u201cpara Ev\u00f3poli es muy importante la historia y la tradici\u00f3n del multilateralismo\u201d.<\/p>\n<p>Cabe destacar la relevancia que desde el Gobierno se le ha otorgado a este tema, donde ha sido el propio mandatario quien sali\u00f3 en varias oportunidades a fijar la postura del Ejecutivo y a reafirmar la determinaci\u00f3n de no formar parte de los m\u00e1s de 150 pa\u00edses que adoptaron el pacto.<\/p>\n<p>Consultado sobre un eventual giro a la ultraderecha, el presidente de Renovaci\u00f3n Nacional, Mario Desbordes, descart\u00f3 esta posibilidad: \u201cTildar de ultraderecha a l\u00edderes de la UDI me parece una exageraci\u00f3n. Si uno quisiera ser serio en esto analizar\u00eda bien: si uno compara lo que propone Chile Vamos con lo que propone la denominada \u201cultraderecha\u201d, estamos a a\u00f1os luz\u201d asegur\u00f3.<\/p>\n<p>Asimismo, neg\u00f3 que en su colectividad el \u201cpinochetismo\u201d sea algo transversal, sino que, a su juicio, son expresiones de la diversidad que conviven en el partido.<\/p>\n<p>En la misma linea, su par de la UDI, Jacqueline van Ryselberghe descart\u00f3 una derechizaci\u00f3n y reiter\u00f3 su respaldo a Jair Bolsonaro: \u201cMe cuesta pensar que 59 millones de brasileros sean de extrema derecha\u201d argument\u00f3.<\/p>\n<p>Fuente: <a href=\"https:\/\/radio.uchile.cl\/2018\/12\/17\/la-incomoda-posicion-de-evopoli-tras-giro-ultraderechista-en-chile-vamos\/\">Diario U de Chile<\/a><\/p>\n","protected":false},"excerpt":{"rendered":"<p>Durante los \u00faltimos d\u00edas, parlamentarios y representantes de la UDI y RN se han acercado a posturas radicales, incluso llegando a ensalzar p\u00fablicamente la figura del dictador Augusto Pinochet. Una posici\u00f3n que gener\u00f3 ruido en el partido de \u00abderecha liberal\u00bb y que nuevamente plantea dudas sobre el rol que cumple en la coalici\u00f3n. No son [&hellip;]<\/p>\n","protected":false},"author":1,"featured_media":4311,"comment_status":"closed","ping_status":"closed","sticky":false,"template":"","format":"standard","meta":{"footnotes":""},"categories":[16,2],"tags":[],"class_list":["post-4310","post","type-post","status-publish","format-standard","has-post-thumbnail","hentry","category-internet","category-portada"],"_links":{"self":[{"href":"https:\/\/ciudadliberal.cl\/index.php?rest_route=\/wp\/v2\/posts\/4310","targetHints":{"allow":["GET"]}}],"collection":[{"href":"https:\/\/ciudadliberal.cl\/index.php?rest_route=\/wp\/v2\/posts"}],"about":[{"href":"https:\/\/ciudadliberal.cl\/index.php?rest_route=\/wp\/v2\/types\/post"}],"author":[{"embeddable":true,"href":"https:\/\/ciudadliberal.cl\/index.php?rest_route=\/wp\/v2\/users\/1"}],"replies":[{"embeddable":true,"href":"https:\/\/ciudadliberal.cl\/index.php?rest_route=%2Fwp%2Fv2%2Fcomments&post=4310"}],"version-history":[{"count":1,"href":"https:\/\/ciudadliberal.cl\/index.php?rest_route=\/wp\/v2\/posts\/4310\/revisions"}],"predecessor-version":[{"id":4312,"href":"https:\/\/ciudadliberal.cl\/index.php?rest_route=\/wp\/v2\/posts\/4310\/revisions\/4312"}],"wp:featuredmedia":[{"embeddable":true,"href":"https:\/\/ciudadliberal.cl\/index.php?rest_route=\/wp\/v2\/media\/4311"}],"wp:attachment":[{"href":"https:\/\/ciudadliberal.cl\/index.php?rest_route=%2Fwp%2Fv2%2Fmedia&parent=4310"}],"wp:term":[{"taxonomy":"category","embeddable":true,"href":"https:\/\/ciudadliberal.cl\/index.php?rest_route=%2Fwp%2Fv2%2Fcategories&post=4310"},{"taxonomy":"post_tag","embeddable":true,"href":"https:\/\/ciudadliberal.cl\/index.php?rest_route=%2Fwp%2Fv2%2Ftags&post=4310"}],"curies":[{"name":"wp","href":"https:\/\/api.w.org\/{rel}","templated":true}]}}