{"id":4243,"date":"2018-12-09T13:10:00","date_gmt":"2018-12-09T17:10:00","guid":{"rendered":"https:\/\/ciudadliberal.cl\/?p=4243"},"modified":"2018-12-09T13:12:00","modified_gmt":"2018-12-09T17:12:00","slug":"reconocimiento-de-los-pueblos-originarios-en-la-constitucion-politica-es-aprobado-en-comision-de-cultura","status":"publish","type":"post","link":"https:\/\/ciudadliberal.cl\/?p=4243","title":{"rendered":"Reconocimiento de los pueblos originarios en la Constituci\u00f3n Pol\u00edtica es aprobado en Comisi\u00f3n de Cultura"},"content":{"rendered":"<p>La propuesta, que adem\u00e1s remarca el car\u00e1cter multicultural de la naci\u00f3n chilena, se suma a otras tres reformas a la Carta Fundamental que buscan incluir en sus normas al patrimonio hist\u00f3rico cultural de la naci\u00f3n; consagrar el dominio p\u00fablico sobre los recursos gen\u00e9ticos y reconocer derechos sobre conocimientos a comunidades ind\u00edgenas; y establecer el respeto por la lengua castellana y los idiomas de los pueblos originarios de Chile.<\/p>\n<p><b>Cuatro reformas constitucionales relacionadas con el mundo ind\u00edgena y su efectivo reconocimiento en dicho cuerpo fueron aprobadas en la\u00a0<a href=\"http:\/\/www.camara.cl\/trabajamos\/comision_portada.aspx?prmID=496\" target=\"_blank\" rel=\"noopener\">Comisi\u00f3n de Cultura<\/a>\u00a0de la C\u00e1mara de Diputados<\/b>, instancia que preside el diputado\u00a0<a href=\"http:\/\/www.camara.cl\/camara\/diputado_detalle.aspx?prmid=827\" target=\"_blank\" rel=\"noopener\">Marcelo D\u00edaz<\/a>\u00a0(PS).<\/p>\n<p>La primera propuesta (<a href=\"http:\/\/www.camara.cl\/legislacion\/ProyectosDeLey\/tramitacion.aspx?prmID=10702&amp;prmBOLETIN=10281-07\" target=\"_blank\" rel=\"noopener\">bolet\u00edn 10281<\/a>) modifica el art\u00edculo primero de la Constituci\u00f3n. Se\u00f1ala que \u00abChile es una naci\u00f3n multicultural\u00bb y avanza luego en recalcar que el \u00abEstado reconoce la preexistencia \u00e9tnica y cultural de los pueblos ind\u00edgenas que habitan su territorio y el derecho de los pueblos, comunidades y personas ind\u00edgenas a conservar, desarrollar y fortalecer su acervo cultural, identidad, lenguas, instituciones, tradiciones, cosmovisi\u00f3n y costumbres ancestrales\u00bb.<\/p>\n<p>A seguir, especifica que es \u00abdeber del Estado respetar, rescatar y preservar el acervo cultural de los pueblos ind\u00edgenas, identidad, lenguas, instituciones, tradiciones, cosmovisi\u00f3n y costumbres ancestrales, y otorgar debida protecci\u00f3n al ejercicio leg\u00edtimo de sus derechos sobre las tierras y las aguas\u00bb. Adem\u00e1s, acota que una ley de qu\u00f3rum calificado establecer\u00e1 un estatuto que regule este deber del Estado.<\/p>\n<p>Finalmente, establece que es deber del Estado proteger y preservar el patrimonio cultural y natural de la Naci\u00f3n.<\/p>\n<p><u><b>Patrimonio, recursos gen\u00e9ticos y lenguas<\/b><\/u><\/p>\n<p>La segunda iniciativa (<a href=\"http:\/\/www.camara.cl\/legislacion\/ProyectosDeLey\/tramitacion.aspx?prmID=10519&amp;prmBOLETIN=10093-07\" target=\"_blank\" rel=\"noopener\">bolet\u00edn 10093<\/a>), en lo esencial, afecta el art\u00edculo 19 de la Carta Fundamental. La norma vigente asegura el derecho de propiedad y define que solo la ley puede establecer el modo de adquirirla, usarla, gozarla y disponer de ella, as\u00ed como las limitaciones y obligaciones que deriven de su funci\u00f3n social. En dicho marco, el proyecto suma al listado de conceptos la conservaci\u00f3n del patrimonio hist\u00f3rico cultural de nuestro pa\u00eds.<\/p>\n<p>El tercer proyecto (<a href=\"http:\/\/www.camara.cl\/legislacion\/ProyectosDeLey\/tramitacion.aspx?prmID=9154&amp;prmBOLETIN=8751-07\" target=\"_blank\" rel=\"noopener\">bolet\u00edn 8751<\/a>) tambi\u00e9n modifica el art\u00edculo 19 para agregar que el Estado de Chile \u00abtiene el dominio absoluto, exclusivo, inalienable e imprescriptible de los recursos gen\u00e9ticos, de sus propiedades bioqu\u00edmicas, y de sus derivados, en relaci\u00f3n a animales y vegetales de car\u00e1cter end\u00e9mico que se encuentren en su territorio\u00bb.<\/p>\n<p>Indica luego que una ley Org\u00e1nica Constitucional regular\u00e1 el acceso a estos recursos, velando por salvaguardar los intereses de la naci\u00f3n, y por la participaci\u00f3n justa y equitativa en los beneficios de los recursos gen\u00e9ticos.<\/p>\n<p>Por \u00faltimo, especifica que el Estado reconoce y ampara el derecho de sus comunidades ind\u00edgenas sobre sus conocimientos y practicas ancestrales, asociadas a recursos gen\u00e9ticos y sus derivados.<\/p>\n<p>La cuarta reforma constitucional altera el art\u00edculo segundo y determina que \u00abel castellano y aquellas lenguas que sean propias de los pueblos ind\u00edgenas que habitan el territorio de Chile, constituyen parte y enriquecen el patrimonio cultural de la Naci\u00f3n\u00bb.<\/p>\n<p>Acota seguidamente que es deber del Estado respetar, preservar y promover la diversidad de lenguas que conviven en la Naci\u00f3n.<\/p>\n<p>En este mismo contexto de an\u00e1lisis, la Comisi\u00f3n evalu\u00f3 una quinta moci\u00f3n que modificaba el art\u00edculo 19 de la Constituci\u00f3n Pol\u00edtica, con el objeto de establecer como deber del Estado, la protecci\u00f3n del patrimonio natural y cultural. El rechazo estuvo motivado en que el concepto ya estaba desarrollado en la propuesta que da reconocimiento constitucional a los pueblos originarios.<\/p>\n<p>Los textos ser\u00e1n informados por el diputado\u00a0<a href=\"http:\/\/www.camara.cl\/camara\/diputado_detalle.aspx?prmid=1008\" target=\"_blank\" rel=\"noopener\">Florcita Alarc\u00f3n<\/a>\u00a0(PH).<\/p>\n<p>Cabe se\u00f1alar que las cinco propuestas de reforma constitucional fueron presentadas en periodos anteriores por diversos grupos de parlamentarias\/os de los cuales contin\u00faan en ejercicio\u00a0<a href=\"http:\/\/www.camara.cl\/camara\/diputado_detalle.aspx?prmid=843\" target=\"_blank\" rel=\"noopener\">Ren\u00e9 Manuel Garc\u00eda<\/a>\u00a0(RN),\u00a0<a href=\"http:\/\/www.camara.cl\/camara\/diputado_detalle.aspx?prmid=866\" target=\"_blank\" rel=\"noopener\">Fernando Meza<\/a>\u00a0(PRSD),\u00a0<a href=\"http:\/\/www.camara.cl\/camara\/diputado_detalle.aspx?prmid=950\" target=\"_blank\" rel=\"noopener\">Ren\u00e9 Saffirio<\/a>\u00a0(IND),\u00a0<a href=\"http:\/\/www.camara.cl\/camara\/diputado_detalle.aspx?prmid=913\" target=\"_blank\" rel=\"noopener\">Mario Venegas<\/a>\u00a0(DC),\u00a0<a href=\"http:\/\/www.camara.cl\/camara\/diputado_detalle.aspx?prmid=975\" target=\"_blank\" rel=\"noopener\">Daniella Cicardini<\/a>\u00a0(PS),\u00a0<a href=\"http:\/\/www.camara.cl\/camara\/diputado_detalle.aspx?prmid=982\" target=\"_blank\" rel=\"noopener\">Iv\u00e1n Flores<\/a>\u00a0(DC),\u00a0<a href=\"http:\/\/www.camara.cl\/camara\/diputado_detalle.aspx?prmid=986\" target=\"_blank\" rel=\"noopener\">Marcela Hernando<\/a>\u00a0(PRSD),\u00a0<a href=\"http:\/\/www.camara.cl\/camara\/diputado_detalle.aspx?prmid=855\" target=\"_blank\" rel=\"noopener\">Carlos Abel Jarpa<\/a>\u00a0(PRSD),\u00a0<a href=\"http:\/\/www.camara.cl\/camara\/diputado_detalle.aspx?prmid=993\" target=\"_blank\" rel=\"noopener\">Daniel N\u00fa\u00f1ez<\/a>\u00a0(PC),\u00a0<a href=\"http:\/\/www.camara.cl\/camara\/diputado_detalle.aspx?prmid=885\" target=\"_blank\" rel=\"noopener\">Jos\u00e9 P\u00e9rez<\/a>\u00a0(PRSD),\u00a0<a href=\"http:\/\/www.camara.cl\/camara\/diputado_detalle.aspx?prmid=803\" target=\"_blank\" rel=\"noopener\">Ren\u00e9 Alinco<\/a>\u00a0(IND),\u00a0<a href=\"http:\/\/www.camara.cl\/camara\/diputado_detalle.aspx?prmid=925\" target=\"_blank\" rel=\"noopener\">Pepe Auth<\/a>(IND),\u00a0<a href=\"http:\/\/www.camara.cl\/camara\/diputado_detalle.aspx?prmid=837\" target=\"_blank\" rel=\"noopener\">Fidel Espinoza<\/a>\u00a0(PS),\u00a0<a href=\"http:\/\/www.camara.cl\/camara\/diputado_detalle.aspx?prmid=946\" target=\"_blank\" rel=\"noopener\">Leopoldo P\u00e9rez<\/a>\u00a0(RN),\u00a0<a href=\"http:\/\/www.camara.cl\/camara\/diputado_detalle.aspx?prmid=949\" target=\"_blank\" rel=\"noopener\">Marcela Sabat<\/a>\u00a0(RN),\u00a0<a href=\"http:\/\/www.camara.cl\/camara\/diputado_detalle.aspx?prmid=952\" target=\"_blank\" rel=\"noopener\">Alejandro Santana<\/a>(RN) y\u00a0<a href=\"http:\/\/www.camara.cl\/camara\/diputado_detalle.aspx?prmid=815\" target=\"_blank\" rel=\"noopener\">Sergio Bobadilla<\/a>\u00a0(UDI).<\/p>\n<p>Fuente: <a href=\"https:\/\/www.camara.cl\/prensa\/noticias_detalle.aspx?prmid=135765\">C\u00e1mara de Diputados<\/a><\/p>\n","protected":false},"excerpt":{"rendered":"<p>La propuesta, que adem\u00e1s remarca el car\u00e1cter multicultural de la naci\u00f3n chilena, se suma a otras tres reformas a la Carta Fundamental que buscan incluir en sus normas al patrimonio hist\u00f3rico cultural de la naci\u00f3n; consagrar el dominio p\u00fablico sobre los recursos gen\u00e9ticos y reconocer derechos sobre conocimientos a comunidades ind\u00edgenas; y establecer el respeto [&hellip;]<\/p>\n","protected":false},"author":1,"featured_media":4245,"comment_status":"closed","ping_status":"closed","sticky":false,"template":"","format":"standard","meta":{"footnotes":""},"categories":[16,2,8],"tags":[],"class_list":["post-4243","post","type-post","status-publish","format-standard","has-post-thumbnail","hentry","category-internet","category-portada","category-street-fashion"],"_links":{"self":[{"href":"https:\/\/ciudadliberal.cl\/index.php?rest_route=\/wp\/v2\/posts\/4243","targetHints":{"allow":["GET"]}}],"collection":[{"href":"https:\/\/ciudadliberal.cl\/index.php?rest_route=\/wp\/v2\/posts"}],"about":[{"href":"https:\/\/ciudadliberal.cl\/index.php?rest_route=\/wp\/v2\/types\/post"}],"author":[{"embeddable":true,"href":"https:\/\/ciudadliberal.cl\/index.php?rest_route=\/wp\/v2\/users\/1"}],"replies":[{"embeddable":true,"href":"https:\/\/ciudadliberal.cl\/index.php?rest_route=%2Fwp%2Fv2%2Fcomments&post=4243"}],"version-history":[{"count":2,"href":"https:\/\/ciudadliberal.cl\/index.php?rest_route=\/wp\/v2\/posts\/4243\/revisions"}],"predecessor-version":[{"id":4247,"href":"https:\/\/ciudadliberal.cl\/index.php?rest_route=\/wp\/v2\/posts\/4243\/revisions\/4247"}],"wp:featuredmedia":[{"embeddable":true,"href":"https:\/\/ciudadliberal.cl\/index.php?rest_route=\/wp\/v2\/media\/4245"}],"wp:attachment":[{"href":"https:\/\/ciudadliberal.cl\/index.php?rest_route=%2Fwp%2Fv2%2Fmedia&parent=4243"}],"wp:term":[{"taxonomy":"category","embeddable":true,"href":"https:\/\/ciudadliberal.cl\/index.php?rest_route=%2Fwp%2Fv2%2Fcategories&post=4243"},{"taxonomy":"post_tag","embeddable":true,"href":"https:\/\/ciudadliberal.cl\/index.php?rest_route=%2Fwp%2Fv2%2Ftags&post=4243"}],"curies":[{"name":"wp","href":"https:\/\/api.w.org\/{rel}","templated":true}]}}