{"id":4240,"date":"2018-12-09T12:53:00","date_gmt":"2018-12-09T16:53:00","guid":{"rendered":"https:\/\/ciudadliberal.cl\/?p=4240"},"modified":"2018-12-09T12:53:00","modified_gmt":"2018-12-09T16:53:00","slug":"oposicion-cree-que-es-una-pesima-senal-que-chile-se-reste-del-pacto-mundial-para-la-migracion","status":"publish","type":"post","link":"https:\/\/ciudadliberal.cl\/?p=4240","title":{"rendered":"Oposici\u00f3n cree que es una \u201cp\u00e9sima se\u00f1al\u201d que Chile se reste del Pacto Mundial para la Migraci\u00f3n"},"content":{"rendered":"<p>Para parlamentarios opositores, la decisi\u00f3n del gobierno reflejar\u00eda que hay una captura de parte de los sectores de la derecha extrema.<\/p>\n<p>Como una \u201cp\u00e9sima se\u00f1al\u201d calificaron parlamentarios de oposici\u00f3n la decisi\u00f3n del gobierno de Sebasti\u00e1n Pi\u00f1era de restarse del\u00a0Pacto Mundial para la Migraci\u00f3n, por considerar, como indic\u00f3 el subsecretario Rodrigo Ubilla a El Mercurio, que migrar no constituye un derecho.<\/p>\n<p>De acuerdo a lo indicado por el diputado Mat\u00edas Walker (DC), \u201cen RREE siempre se ha intentado representar posturas de Estado, que generen amplio consenso. Gobierno de Chile no puede asumir solo posturas de extrema derecha\u201d.<\/p>\n<p>En la misma l\u00ednea, el exdiputado Jorge Tarud (PPD) sostuvo que con esto, el Ejecutivo \u201cse dej\u00f3 presionar por un sector de la ultra derecha chilena, caus\u00e1ndole un nuevo da\u00f1o a nuestra imagen pa\u00eds, ya bastante da\u00f1ada (\u2026) Lamento profundamente que, para ganar un par de puntitos en las encuestas de la extrema derecha, el Presidente da\u00f1e la imagen exterior de Chile\u201d.<\/p>\n<div class=\"single-oferta-contenidos\"><\/div>\n<div>\n<p>Para el diputado Hugo Guti\u00e9rrez (PC), esta determinaci\u00f3n dejar\u00eda entre ver que el Presidente Pi\u00f1era va \u201cen la senda de ultraderecha de Trump, Netanyahu y Bolsonaro\u201d.<\/p>\n<p>Desde el Partido Progresista, en tanto, tildaron la decisi\u00f3n de \u201cvergonzosa y autoritaria\u201d, se\u00f1alando adem\u00e1s que \u201cempobrecer la posici\u00f3n de Chile frente al mundo\u201d.<\/p>\n<p>\u201cSebasti\u00e1n Pi\u00f1era ha ido muy lejos en la resta de derechos para los chilenos, pero hoy incluso pretende hacerlo con un derecho humano inalienable y reconocido globalmente: la migraci\u00f3n. Cuando Pi\u00f1era mira la cordillera no ve su belleza majestuosa sino un muro infranqueable, el sue\u00f1o de Trump que a \u00e9l le sali\u00f3 gratis. Este gobierno, con Pi\u00f1era a la cabeza, confunde la soberan\u00eda con el autoritarismo\u201d, detallaron en un comunicado.<\/p>\n<p>Fuente: <a href=\"https:\/\/www.latercera.com\/politica\/noticia\/oposicion-cree-una-pesima-senal-chile-se-reste-del-pacto-mundial-la-migracion\/437345\/\">La Tercera<\/a><\/p>\n<\/div>\n","protected":false},"excerpt":{"rendered":"<p>Para parlamentarios opositores, la decisi\u00f3n del gobierno reflejar\u00eda que hay una captura de parte de los sectores de la derecha extrema. Como una \u201cp\u00e9sima se\u00f1al\u201d calificaron parlamentarios de oposici\u00f3n la decisi\u00f3n del gobierno de Sebasti\u00e1n Pi\u00f1era de restarse del\u00a0Pacto Mundial para la Migraci\u00f3n, por considerar, como indic\u00f3 el subsecretario Rodrigo Ubilla a El Mercurio, que [&hellip;]<\/p>\n","protected":false},"author":1,"featured_media":4241,"comment_status":"closed","ping_status":"closed","sticky":false,"template":"","format":"standard","meta":{"footnotes":""},"categories":[184,16,2],"tags":[],"class_list":["post-4240","post","type-post","status-publish","format-standard","has-post-thumbnail","hentry","category-derechos-humanos","category-internet","category-portada"],"_links":{"self":[{"href":"https:\/\/ciudadliberal.cl\/index.php?rest_route=\/wp\/v2\/posts\/4240","targetHints":{"allow":["GET"]}}],"collection":[{"href":"https:\/\/ciudadliberal.cl\/index.php?rest_route=\/wp\/v2\/posts"}],"about":[{"href":"https:\/\/ciudadliberal.cl\/index.php?rest_route=\/wp\/v2\/types\/post"}],"author":[{"embeddable":true,"href":"https:\/\/ciudadliberal.cl\/index.php?rest_route=\/wp\/v2\/users\/1"}],"replies":[{"embeddable":true,"href":"https:\/\/ciudadliberal.cl\/index.php?rest_route=%2Fwp%2Fv2%2Fcomments&post=4240"}],"version-history":[{"count":1,"href":"https:\/\/ciudadliberal.cl\/index.php?rest_route=\/wp\/v2\/posts\/4240\/revisions"}],"predecessor-version":[{"id":4242,"href":"https:\/\/ciudadliberal.cl\/index.php?rest_route=\/wp\/v2\/posts\/4240\/revisions\/4242"}],"wp:featuredmedia":[{"embeddable":true,"href":"https:\/\/ciudadliberal.cl\/index.php?rest_route=\/wp\/v2\/media\/4241"}],"wp:attachment":[{"href":"https:\/\/ciudadliberal.cl\/index.php?rest_route=%2Fwp%2Fv2%2Fmedia&parent=4240"}],"wp:term":[{"taxonomy":"category","embeddable":true,"href":"https:\/\/ciudadliberal.cl\/index.php?rest_route=%2Fwp%2Fv2%2Fcategories&post=4240"},{"taxonomy":"post_tag","embeddable":true,"href":"https:\/\/ciudadliberal.cl\/index.php?rest_route=%2Fwp%2Fv2%2Ftags&post=4240"}],"curies":[{"name":"wp","href":"https:\/\/api.w.org\/{rel}","templated":true}]}}